{"id":300,"date":"2017-12-06T10:01:37","date_gmt":"2017-12-06T14:01:37","guid":{"rendered":"http:\/\/www.bicebebolivia.com\/blog\/?p=300"},"modified":"2017-12-06T10:01:37","modified_gmt":"2017-12-06T14:01:37","slug":"la-bicebe-los-ojos-maximilano-vittor","status":"publish","type":"post","link":"https:\/\/www.bicebebolivia.com\/blog\/invitados\/la-bicebe-los-ojos-maximilano-vittor\/","title":{"rendered":"La BICeB\u00e9 en los ojos de Maximilano Vittor"},"content":{"rendered":"<p><em>\u201cA veces uno no cae, a veces uno no entiende. La percepci\u00f3n se revela limitada cuando todo lo que nos rodea es mucho de todo, cuando no hay espacio para nada m\u00e1s pero a\u00fan as\u00ed queremos aprovechar hasta el \u00faltimo instante, conocer hasta la \u00faltima persona, agradecer hasta la \u00faltima palabra inspiradora.<\/em><\/p>\n<p><em>Me hab\u00edan dicho que a la <a class=\"profileLink\" href=\"https:\/\/www.facebook.com\/BICeBe\/?fref=mentions\" data-hovercard=\"\/ajax\/hovercard\/page.php?id=250668978287823&amp;extragetparams=%7B%22fref%22%3A%22mentions%22%7D\" data-hovercard-prefer-more-content-show=\"1\">BICeB\u00e9 | Bienal del Cartel Bolivia :: Biennial of Poster Bolivia<\/a> no la entend\u00e9s hasta que la viv\u00eds. Y hab\u00eda visto c\u00f3mo la gente que la visitaba volv\u00eda dist<span class=\"text_exposed_show\">inta, rebosante, revelada. Por eso fue que cuando llegu\u00e9 mis expectativas eran altas: estaba esperando vivir algo nuevo, superador de todo lo que conoc\u00eda, dif\u00edcil de poner en palabras.<\/span><\/em><\/p>\n<div class=\"text_exposed_show\">\n<p><em>Lo que me encontr\u00e9 fue, como todo lo que est\u00e1 destinado a perdurarnos en la memoria, algo que no entend\u00ed. No lo entend\u00ed cuando llegu\u00e9, no lo entend\u00ed durante esos 6 d\u00edas de intensidad y no lo entiendo todav\u00eda hoy, una semana despu\u00e9s. Fue, ahora que lo pienso, la misma sensaci\u00f3n que tuve cuando visit\u00e9 por primera vez La Paz: experimentar una sensaci\u00f3n id\u00edlica de estar en una ciudad improbable donde pasan cosas imposibles.<\/em><\/p>\n<p><em>Intentar encontrar el qu\u00e9, el c\u00f3mo y el d\u00f3nde de todo lo m\u00e1gico que pasa durante la Biceb\u00e9 ser\u00eda una tarea necia y sin sentido. Me parece mejor dejar que el sentimiento me abarque y se asiente, en un proceso que llevar\u00e1 seguramente meses. S\u00ed puedo decir que la sensaci\u00f3n que me domina hasta el d\u00eda de hoy es la de gratitud: hacia la vida, hacia el dise\u00f1o, hacia las ganas de hacer, hacia el amor por lo que se hace. Dicen que somos lo que hacemos con lo que nos pasa; creo adem\u00e1s que somos todo aquello que nos pasa y por eso siento el privilegio de ser parte de ese organismo arrollador que cobr\u00f3 vida a 3600 metros de altura y que me acerc\u00f3 a tanta gente hermosa.<\/em><\/p>\n<p><em>P\u00e1rrafo aparte para lo concreto: la organizaci\u00f3n del evento, las ganas de los voluntarios, la disposici\u00f3n constante de <a class=\"profileLink\" href=\"https:\/\/www.facebook.com\/pablo.veravillamil?fref=mentions\" data-hovercard=\"\/ajax\/hovercard\/user.php?id=100000259383005&amp;extragetparams=%7B%22fref%22%3A%22mentions%22%7D\" data-hovercard-prefer-more-content-show=\"1\">Pablo<\/a> para ayudarnos y, m\u00e1s importante a\u00fan, su disponibilidad perpetua para sorprendernos, intercambiar y enriquecernos. Gracias gigantes a <a class=\"profileLink\" href=\"https:\/\/www.facebook.com\/esemepe?fref=mentions\" data-hovercard=\"\/ajax\/hovercard\/user.php?id=675676527&amp;extragetparams=%7B%22fref%22%3A%22mentions%22%7D\" data-hovercard-prefer-more-content-show=\"1\">Susana<\/a>, no ya por darme la posibilidad de participar en este, mi primer evento de este tipo, sino por su b\u00fasqueda constante en pos de la agitaci\u00f3n, el ardor y la sed de los m\u00e1s j\u00f3venes.<\/em><\/p>\n<p><em>Y por \u00faltimo qu\u00e9 decir de <a class=\"profileLink\" href=\"https:\/\/www.facebook.com\/melcronenbold?fref=mentions\" data-hovercard=\"\/ajax\/hovercard\/user.php?id=511184823&amp;extragetparams=%7B%22fref%22%3A%22mentions%22%7D\" data-hovercard-prefer-more-content-show=\"1\">Mel<\/a> y <a class=\"profileLink\" href=\"https:\/\/www.facebook.com\/mariaelenagian?fref=mentions\" data-hovercard=\"\/ajax\/hovercard\/user.php?id=100009842209211&amp;extragetparams=%7B%22fref%22%3A%22mentions%22%7D\" data-hovercard-prefer-more-content-show=\"1\">Mariaelena<\/a> y de toda la simbiosis que de pronto nos descubrimos, que brot\u00f3 natural y caudalosa y que nos domin\u00f3 m\u00e1s all\u00e1 de nuestros temores, voluntades y configuraciones. Las mejores construcciones son esas que se dan por sorpresa y que superan todo lo que pod\u00edamos suponer esperar.<\/em><\/p>\n<p><em>A fin de cuentas no caer ni entender es hermoso, y es todo lo que deseo de aqu\u00ed en adelante para cualquiera. Que la vida nos desborde a cada rato y que, sobretodo, la moneda caiga siempre a favor de luchar por los sue\u00f1os.<\/em><\/p>\n<p><em>Aguante todo.<\/em><br \/>\n<em> Maxi\u201d<\/em><\/p>\n<\/div>\n","protected":false},"excerpt":{"rendered":"<p>\u201cA veces uno no cae, a veces uno no entiende. La percepci\u00f3n se revela limitada cuando todo lo que nos rodea es mucho de todo, cuando no hay espacio para nada m\u00e1s pero a\u00fan as\u00ed queremos aprovechar hasta el \u00faltimo instante, conocer hasta la \u00faltima persona, agradecer hasta la \u00faltima palabra inspiradora. Me hab\u00edan dicho &hellip; <a href=\"https:\/\/www.bicebebolivia.com\/blog\/invitados\/la-bicebe-los-ojos-maximilano-vittor\/\" class=\"more-link\">Sigue leyendo <span class=\"screen-reader-text\">La BICeB\u00e9 en los ojos de Maximilano Vittor<\/span><\/a><\/p>\n","protected":false},"author":2,"featured_media":301,"comment_status":"open","ping_status":"open","sticky":false,"template":"","format":"standard","meta":{"footnotes":""},"categories":[5],"tags":[],"class_list":["post-300","post","type-post","status-publish","format-standard","has-post-thumbnail","hentry","category-invitados"],"yoast_head":"<!-- This site is optimized with the Yoast SEO plugin v27.5 - https:\/\/yoast.com\/product\/yoast-seo-wordpress\/ -->\n<title>La BICeB\u00e9 en los ojos de Maximilano Vittor - BICeB\u00e9 Blog<\/title>\n<meta name=\"robots\" content=\"index, follow, max-snippet:-1, max-image-preview:large, max-video-preview:-1\" \/>\n<link rel=\"canonical\" href=\"http:\/\/www.bicebebolivia.com\/blog\/invitados\/la-bicebe-los-ojos-maximilano-vittor\/\" \/>\n<meta property=\"og:locale\" content=\"es_ES\" \/>\n<meta property=\"og:type\" content=\"article\" \/>\n<meta property=\"og:title\" content=\"La BICeB\u00e9 en los ojos de Maximilano Vittor - BICeB\u00e9 Blog\" \/>\n<meta property=\"og:description\" content=\"\u201cA veces uno no cae, a veces uno no entiende. La percepci\u00f3n se revela limitada cuando todo lo que nos rodea es mucho de todo, cuando no hay espacio para nada m\u00e1s pero a\u00fan as\u00ed queremos aprovechar hasta el \u00faltimo instante, conocer hasta la \u00faltima persona, agradecer hasta la \u00faltima palabra inspiradora. Me hab\u00edan dicho &hellip; Sigue leyendo La BICeB\u00e9 en los ojos de Maximilano Vittor\" \/>\n<meta property=\"og:url\" content=\"http:\/\/www.bicebebolivia.com\/blog\/invitados\/la-bicebe-los-ojos-maximilano-vittor\/\" \/>\n<meta property=\"og:site_name\" content=\"BICeB\u00e9 Blog\" \/>\n<meta property=\"article:publisher\" content=\"https:\/\/www.facebook.com\/BICeBe\" \/>\n<meta property=\"article:published_time\" content=\"2017-12-06T14:01:37+00:00\" \/>\n<meta property=\"og:image\" content=\"https:\/\/www.bicebebolivia.com\/blog\/wp-content\/uploads\/2017\/12\/maxi.jpg\" \/>\n\t<meta property=\"og:image:width\" content=\"825\" \/>\n\t<meta property=\"og:image:height\" content=\"510\" \/>\n\t<meta property=\"og:image:type\" content=\"image\/jpeg\" \/>\n<meta name=\"author\" content=\"Bienal del Cartel Bolivia BICeB\u00e9\" \/>\n<meta name=\"twitter:label1\" content=\"Escrito por\" \/>\n\t<meta name=\"twitter:data1\" content=\"Bienal del Cartel Bolivia BICeB\u00e9\" \/>\n\t<meta name=\"twitter:label2\" content=\"Tiempo de lectura\" \/>\n\t<meta name=\"twitter:data2\" content=\"3 minutos\" \/>\n<script type=\"application\/ld+json\" class=\"yoast-schema-graph\">{\"@context\":\"https:\\\/\\\/schema.org\",\"@graph\":[{\"@type\":\"Article\",\"@id\":\"http:\\\/\\\/www.bicebebolivia.com\\\/blog\\\/invitados\\\/la-bicebe-los-ojos-maximilano-vittor\\\/#article\",\"isPartOf\":{\"@id\":\"http:\\\/\\\/www.bicebebolivia.com\\\/blog\\\/invitados\\\/la-bicebe-los-ojos-maximilano-vittor\\\/\"},\"author\":{\"name\":\"Bienal del Cartel Bolivia BICeB\u00e9\",\"@id\":\"https:\\\/\\\/www.bicebebolivia.com\\\/blog\\\/#\\\/schema\\\/person\\\/26ad6d9a9ae3f5b7dcc077474d935c36\"},\"headline\":\"La BICeB\u00e9 en los ojos de Maximilano Vittor\",\"datePublished\":\"2017-12-06T14:01:37+00:00\",\"mainEntityOfPage\":{\"@id\":\"http:\\\/\\\/www.bicebebolivia.com\\\/blog\\\/invitados\\\/la-bicebe-los-ojos-maximilano-vittor\\\/\"},\"wordCount\":534,\"commentCount\":0,\"image\":{\"@id\":\"http:\\\/\\\/www.bicebebolivia.com\\\/blog\\\/invitados\\\/la-bicebe-los-ojos-maximilano-vittor\\\/#primaryimage\"},\"thumbnailUrl\":\"https:\\\/\\\/www.bicebebolivia.com\\\/blog\\\/wp-content\\\/uploads\\\/2017\\\/12\\\/maxi.jpg\",\"articleSection\":[\"Invitados\"],\"inLanguage\":\"es\",\"potentialAction\":[{\"@type\":\"CommentAction\",\"name\":\"Comment\",\"target\":[\"http:\\\/\\\/www.bicebebolivia.com\\\/blog\\\/invitados\\\/la-bicebe-los-ojos-maximilano-vittor\\\/#respond\"]}]},{\"@type\":\"WebPage\",\"@id\":\"http:\\\/\\\/www.bicebebolivia.com\\\/blog\\\/invitados\\\/la-bicebe-los-ojos-maximilano-vittor\\\/\",\"url\":\"http:\\\/\\\/www.bicebebolivia.com\\\/blog\\\/invitados\\\/la-bicebe-los-ojos-maximilano-vittor\\\/\",\"name\":\"La BICeB\u00e9 en los ojos de Maximilano Vittor - BICeB\u00e9 Blog\",\"isPartOf\":{\"@id\":\"https:\\\/\\\/www.bicebebolivia.com\\\/blog\\\/#website\"},\"primaryImageOfPage\":{\"@id\":\"http:\\\/\\\/www.bicebebolivia.com\\\/blog\\\/invitados\\\/la-bicebe-los-ojos-maximilano-vittor\\\/#primaryimage\"},\"image\":{\"@id\":\"http:\\\/\\\/www.bicebebolivia.com\\\/blog\\\/invitados\\\/la-bicebe-los-ojos-maximilano-vittor\\\/#primaryimage\"},\"thumbnailUrl\":\"https:\\\/\\\/www.bicebebolivia.com\\\/blog\\\/wp-content\\\/uploads\\\/2017\\\/12\\\/maxi.jpg\",\"datePublished\":\"2017-12-06T14:01:37+00:00\",\"author\":{\"@id\":\"https:\\\/\\\/www.bicebebolivia.com\\\/blog\\\/#\\\/schema\\\/person\\\/26ad6d9a9ae3f5b7dcc077474d935c36\"},\"breadcrumb\":{\"@id\":\"http:\\\/\\\/www.bicebebolivia.com\\\/blog\\\/invitados\\\/la-bicebe-los-ojos-maximilano-vittor\\\/#breadcrumb\"},\"inLanguage\":\"es\",\"potentialAction\":[{\"@type\":\"ReadAction\",\"target\":[\"http:\\\/\\\/www.bicebebolivia.com\\\/blog\\\/invitados\\\/la-bicebe-los-ojos-maximilano-vittor\\\/\"]}]},{\"@type\":\"ImageObject\",\"inLanguage\":\"es\",\"@id\":\"http:\\\/\\\/www.bicebebolivia.com\\\/blog\\\/invitados\\\/la-bicebe-los-ojos-maximilano-vittor\\\/#primaryimage\",\"url\":\"https:\\\/\\\/www.bicebebolivia.com\\\/blog\\\/wp-content\\\/uploads\\\/2017\\\/12\\\/maxi.jpg\",\"contentUrl\":\"https:\\\/\\\/www.bicebebolivia.com\\\/blog\\\/wp-content\\\/uploads\\\/2017\\\/12\\\/maxi.jpg\",\"width\":825,\"height\":510},{\"@type\":\"BreadcrumbList\",\"@id\":\"http:\\\/\\\/www.bicebebolivia.com\\\/blog\\\/invitados\\\/la-bicebe-los-ojos-maximilano-vittor\\\/#breadcrumb\",\"itemListElement\":[{\"@type\":\"ListItem\",\"position\":1,\"name\":\"Portada\",\"item\":\"https:\\\/\\\/www.bicebebolivia.com\\\/blog\\\/\"},{\"@type\":\"ListItem\",\"position\":2,\"name\":\"La BICeB\u00e9 en los ojos de Maximilano Vittor\"}]},{\"@type\":\"WebSite\",\"@id\":\"https:\\\/\\\/www.bicebebolivia.com\\\/blog\\\/#website\",\"url\":\"https:\\\/\\\/www.bicebebolivia.com\\\/blog\\\/\",\"name\":\"BICeB\u00e9 Blog\",\"description\":\"Bienal del Cartel Bolivia 2021\",\"potentialAction\":[{\"@type\":\"SearchAction\",\"target\":{\"@type\":\"EntryPoint\",\"urlTemplate\":\"https:\\\/\\\/www.bicebebolivia.com\\\/blog\\\/?s={search_term_string}\"},\"query-input\":{\"@type\":\"PropertyValueSpecification\",\"valueRequired\":true,\"valueName\":\"search_term_string\"}}],\"inLanguage\":\"es\"},{\"@type\":\"Person\",\"@id\":\"https:\\\/\\\/www.bicebebolivia.com\\\/blog\\\/#\\\/schema\\\/person\\\/26ad6d9a9ae3f5b7dcc077474d935c36\",\"name\":\"Bienal del Cartel Bolivia BICeB\u00e9\",\"image\":{\"@type\":\"ImageObject\",\"inLanguage\":\"es\",\"@id\":\"https:\\\/\\\/secure.gravatar.com\\\/avatar\\\/7a4b5272639cc73d859204e94c716e9d0dc61543d7f9a64cca5162eb3a30fabb?s=96&d=mm&r=g\",\"url\":\"https:\\\/\\\/secure.gravatar.com\\\/avatar\\\/7a4b5272639cc73d859204e94c716e9d0dc61543d7f9a64cca5162eb3a30fabb?s=96&d=mm&r=g\",\"contentUrl\":\"https:\\\/\\\/secure.gravatar.com\\\/avatar\\\/7a4b5272639cc73d859204e94c716e9d0dc61543d7f9a64cca5162eb3a30fabb?s=96&d=mm&r=g\",\"caption\":\"Bienal del Cartel Bolivia BICeB\u00e9\"},\"url\":\"https:\\\/\\\/www.bicebebolivia.com\\\/blog\\\/author\\\/bicebe_usser\\\/\"}]}<\/script>\n<!-- \/ Yoast SEO plugin. -->","yoast_head_json":{"title":"La BICeB\u00e9 en los ojos de Maximilano Vittor - BICeB\u00e9 Blog","robots":{"index":"index","follow":"follow","max-snippet":"max-snippet:-1","max-image-preview":"max-image-preview:large","max-video-preview":"max-video-preview:-1"},"canonical":"http:\/\/www.bicebebolivia.com\/blog\/invitados\/la-bicebe-los-ojos-maximilano-vittor\/","og_locale":"es_ES","og_type":"article","og_title":"La BICeB\u00e9 en los ojos de Maximilano Vittor - BICeB\u00e9 Blog","og_description":"\u201cA veces uno no cae, a veces uno no entiende. La percepci\u00f3n se revela limitada cuando todo lo que nos rodea es mucho de todo, cuando no hay espacio para nada m\u00e1s pero a\u00fan as\u00ed queremos aprovechar hasta el \u00faltimo instante, conocer hasta la \u00faltima persona, agradecer hasta la \u00faltima palabra inspiradora. Me hab\u00edan dicho &hellip; Sigue leyendo La BICeB\u00e9 en los ojos de Maximilano Vittor","og_url":"http:\/\/www.bicebebolivia.com\/blog\/invitados\/la-bicebe-los-ojos-maximilano-vittor\/","og_site_name":"BICeB\u00e9 Blog","article_publisher":"https:\/\/www.facebook.com\/BICeBe","article_published_time":"2017-12-06T14:01:37+00:00","og_image":[{"width":825,"height":510,"url":"https:\/\/www.bicebebolivia.com\/blog\/wp-content\/uploads\/2017\/12\/maxi.jpg","type":"image\/jpeg"}],"author":"Bienal del Cartel Bolivia BICeB\u00e9","twitter_misc":{"Escrito por":"Bienal del Cartel Bolivia BICeB\u00e9","Tiempo de lectura":"3 minutos"},"schema":{"@context":"https:\/\/schema.org","@graph":[{"@type":"Article","@id":"http:\/\/www.bicebebolivia.com\/blog\/invitados\/la-bicebe-los-ojos-maximilano-vittor\/#article","isPartOf":{"@id":"http:\/\/www.bicebebolivia.com\/blog\/invitados\/la-bicebe-los-ojos-maximilano-vittor\/"},"author":{"name":"Bienal del Cartel Bolivia BICeB\u00e9","@id":"https:\/\/www.bicebebolivia.com\/blog\/#\/schema\/person\/26ad6d9a9ae3f5b7dcc077474d935c36"},"headline":"La BICeB\u00e9 en los ojos de Maximilano Vittor","datePublished":"2017-12-06T14:01:37+00:00","mainEntityOfPage":{"@id":"http:\/\/www.bicebebolivia.com\/blog\/invitados\/la-bicebe-los-ojos-maximilano-vittor\/"},"wordCount":534,"commentCount":0,"image":{"@id":"http:\/\/www.bicebebolivia.com\/blog\/invitados\/la-bicebe-los-ojos-maximilano-vittor\/#primaryimage"},"thumbnailUrl":"https:\/\/www.bicebebolivia.com\/blog\/wp-content\/uploads\/2017\/12\/maxi.jpg","articleSection":["Invitados"],"inLanguage":"es","potentialAction":[{"@type":"CommentAction","name":"Comment","target":["http:\/\/www.bicebebolivia.com\/blog\/invitados\/la-bicebe-los-ojos-maximilano-vittor\/#respond"]}]},{"@type":"WebPage","@id":"http:\/\/www.bicebebolivia.com\/blog\/invitados\/la-bicebe-los-ojos-maximilano-vittor\/","url":"http:\/\/www.bicebebolivia.com\/blog\/invitados\/la-bicebe-los-ojos-maximilano-vittor\/","name":"La BICeB\u00e9 en los ojos de Maximilano Vittor - BICeB\u00e9 Blog","isPartOf":{"@id":"https:\/\/www.bicebebolivia.com\/blog\/#website"},"primaryImageOfPage":{"@id":"http:\/\/www.bicebebolivia.com\/blog\/invitados\/la-bicebe-los-ojos-maximilano-vittor\/#primaryimage"},"image":{"@id":"http:\/\/www.bicebebolivia.com\/blog\/invitados\/la-bicebe-los-ojos-maximilano-vittor\/#primaryimage"},"thumbnailUrl":"https:\/\/www.bicebebolivia.com\/blog\/wp-content\/uploads\/2017\/12\/maxi.jpg","datePublished":"2017-12-06T14:01:37+00:00","author":{"@id":"https:\/\/www.bicebebolivia.com\/blog\/#\/schema\/person\/26ad6d9a9ae3f5b7dcc077474d935c36"},"breadcrumb":{"@id":"http:\/\/www.bicebebolivia.com\/blog\/invitados\/la-bicebe-los-ojos-maximilano-vittor\/#breadcrumb"},"inLanguage":"es","potentialAction":[{"@type":"ReadAction","target":["http:\/\/www.bicebebolivia.com\/blog\/invitados\/la-bicebe-los-ojos-maximilano-vittor\/"]}]},{"@type":"ImageObject","inLanguage":"es","@id":"http:\/\/www.bicebebolivia.com\/blog\/invitados\/la-bicebe-los-ojos-maximilano-vittor\/#primaryimage","url":"https:\/\/www.bicebebolivia.com\/blog\/wp-content\/uploads\/2017\/12\/maxi.jpg","contentUrl":"https:\/\/www.bicebebolivia.com\/blog\/wp-content\/uploads\/2017\/12\/maxi.jpg","width":825,"height":510},{"@type":"BreadcrumbList","@id":"http:\/\/www.bicebebolivia.com\/blog\/invitados\/la-bicebe-los-ojos-maximilano-vittor\/#breadcrumb","itemListElement":[{"@type":"ListItem","position":1,"name":"Portada","item":"https:\/\/www.bicebebolivia.com\/blog\/"},{"@type":"ListItem","position":2,"name":"La BICeB\u00e9 en los ojos de Maximilano Vittor"}]},{"@type":"WebSite","@id":"https:\/\/www.bicebebolivia.com\/blog\/#website","url":"https:\/\/www.bicebebolivia.com\/blog\/","name":"BICeB\u00e9 Blog","description":"Bienal del Cartel Bolivia 2021","potentialAction":[{"@type":"SearchAction","target":{"@type":"EntryPoint","urlTemplate":"https:\/\/www.bicebebolivia.com\/blog\/?s={search_term_string}"},"query-input":{"@type":"PropertyValueSpecification","valueRequired":true,"valueName":"search_term_string"}}],"inLanguage":"es"},{"@type":"Person","@id":"https:\/\/www.bicebebolivia.com\/blog\/#\/schema\/person\/26ad6d9a9ae3f5b7dcc077474d935c36","name":"Bienal del Cartel Bolivia BICeB\u00e9","image":{"@type":"ImageObject","inLanguage":"es","@id":"https:\/\/secure.gravatar.com\/avatar\/7a4b5272639cc73d859204e94c716e9d0dc61543d7f9a64cca5162eb3a30fabb?s=96&d=mm&r=g","url":"https:\/\/secure.gravatar.com\/avatar\/7a4b5272639cc73d859204e94c716e9d0dc61543d7f9a64cca5162eb3a30fabb?s=96&d=mm&r=g","contentUrl":"https:\/\/secure.gravatar.com\/avatar\/7a4b5272639cc73d859204e94c716e9d0dc61543d7f9a64cca5162eb3a30fabb?s=96&d=mm&r=g","caption":"Bienal del Cartel Bolivia BICeB\u00e9"},"url":"https:\/\/www.bicebebolivia.com\/blog\/author\/bicebe_usser\/"}]}},"_links":{"self":[{"href":"https:\/\/www.bicebebolivia.com\/blog\/wp-json\/wp\/v2\/posts\/300","targetHints":{"allow":["GET"]}}],"collection":[{"href":"https:\/\/www.bicebebolivia.com\/blog\/wp-json\/wp\/v2\/posts"}],"about":[{"href":"https:\/\/www.bicebebolivia.com\/blog\/wp-json\/wp\/v2\/types\/post"}],"author":[{"embeddable":true,"href":"https:\/\/www.bicebebolivia.com\/blog\/wp-json\/wp\/v2\/users\/2"}],"replies":[{"embeddable":true,"href":"https:\/\/www.bicebebolivia.com\/blog\/wp-json\/wp\/v2\/comments?post=300"}],"version-history":[{"count":1,"href":"https:\/\/www.bicebebolivia.com\/blog\/wp-json\/wp\/v2\/posts\/300\/revisions"}],"predecessor-version":[{"id":302,"href":"https:\/\/www.bicebebolivia.com\/blog\/wp-json\/wp\/v2\/posts\/300\/revisions\/302"}],"wp:featuredmedia":[{"embeddable":true,"href":"https:\/\/www.bicebebolivia.com\/blog\/wp-json\/wp\/v2\/media\/301"}],"wp:attachment":[{"href":"https:\/\/www.bicebebolivia.com\/blog\/wp-json\/wp\/v2\/media?parent=300"}],"wp:term":[{"taxonomy":"category","embeddable":true,"href":"https:\/\/www.bicebebolivia.com\/blog\/wp-json\/wp\/v2\/categories?post=300"},{"taxonomy":"post_tag","embeddable":true,"href":"https:\/\/www.bicebebolivia.com\/blog\/wp-json\/wp\/v2\/tags?post=300"}],"curies":[{"name":"wp","href":"https:\/\/api.w.org\/{rel}","templated":true}]}}