{"id":310,"date":"2018-09-10T11:02:04","date_gmt":"2018-09-10T15:02:04","guid":{"rendered":"http:\/\/www.bicebebolivia.com\/blog\/?p=310"},"modified":"2020-06-15T17:20:19","modified_gmt":"2020-06-15T21:20:19","slug":"la-bienal-del-cartel-celebra-sus-10-lanzando-su-convocatoria-2019","status":"publish","type":"post","link":"https:\/\/www.bicebebolivia.com\/blog\/sin-categoria\/la-bienal-del-cartel-celebra-sus-10-lanzando-su-convocatoria-2019\/","title":{"rendered":"La Bienal del Cartel celebra sus 10mo. aniversario lanzando su convocatoria 2019"},"content":{"rendered":"<div id=\"texto-nota\" class=\"cuerpo\">\n<p class=\"p1\">La Bienal del Cartel Bolivia BICeB\u00e9 cumple 10 a\u00f1os y por ello realiz\u00f3 la apertura de una muestra especial que re\u00fane las obras de 61 artistas gr\u00e1ficos que pasaron por el evento, considerado uno de los m\u00e1s importantes en el pa\u00eds ya que vincula lo acad\u00e9mico con lo cultural de una manera \u00fanica.<\/p>\n<p class=\"p1\">Las expectativas son altas, la pasada versi\u00f3n<span class=\"Apple-converted-space\">&nbsp; <\/span>la BICeB\u00e9 recibi\u00f3 el n\u00famero record de 6400 trabajos<span class=\"Apple-converted-space\">&nbsp; <\/span>de 71 pa\u00edses que apuntaban a conseguir uno de los siete premios, que en este a\u00f1o hacienden a un poco m\u00e1s de $15 mil.<\/p>\n<p class=\"p1\">La coordinadora general de la Bienal, Susana Machicao anunci\u00f3 que Estados Unidos es el pa\u00eds invitado de honor y que la tem\u00e1tica para su categor\u00eda in\u00e9dita principal trata sobre \u00abLa Era de la Desinformaci\u00f3n\u00bb, la cual tendr\u00e1 un monto de $ 5000 al primer lugar y $ 1000 al mejor cartel nacional en la misma categor\u00eda.<\/p>\n<p class=\"p1\">\u00abQueremos abrir el debate \u2013desde el dise\u00f1o y la industria creativa- sobre \u00e1mbitos importantes para la sociedad y las pr\u00e1cticas profesionales en su conjunto\u00bb, dijo Machicao.<\/p>\n<p class=\"p1\">Otra tem\u00e1tica en concurso, esta vez en la categor\u00eda GIF Animado es \u201cEl empoderamiento de la Mujer\u201d que se presenta como un interesante espacio para convocar miradas que aporten a la reflexi\u00f3n sobre la situaci\u00f3n que viven las mujeres del mundo y Bolivia.<\/p>\n<p class=\"p1\">Adem\u00e1s de la categor\u00eda D y E, se presentan otras cinco, Cartel Cultural, Cartel Social, Cartel Comercial, adem\u00e1s de los premios a los mejores carteles bolivianos.<\/p>\n<p class=\"p1\">\u201cTrabajamos en hacer entender la transversalidad del dise\u00f1o en todas las actividades, proyectos y planificaciones.<span class=\"Apple-converted-space\">&nbsp; <\/span>Para nosotros es muy importante mantener una lealtad con quienes nos han apoyado desde un grano de az\u00facar hasta con un presupuesto. Vincularnos con todas (instituciones culturales) no significa presupuesto necesariamente, sino potenciar los contenidos y conectar a m\u00e1s participantes del evento\u201d, se\u00f1ala Machicao consultada sobre la importante plataforma interinstitucional de gesti\u00f3n que representa la BICeB\u00e9.<\/p>\n<p class=\"p1\">Para el Secretario de Culturas del Gobierno Aut\u00f3nomo Municipal de La Paz (GAML) son varios los elementos a destacar de la Bienal, entre ellos el encuentro entre diferentes actores para incentivar este tipo de procesos formativos y darle sostenibilidad.<\/p>\n<p class=\"p1\">\u00abOtro elemento que destac\u00f3 es que lo cultural sea una manera de tender puentes para encontrarnos y es por eso la bienal ha logrado articularnos a instituciones que tal vez por otro tipo de din\u00e1mica estamos distanciados. La cultura debe ir m\u00e1s all\u00e1 de la coyuntura pol\u00edtica, m\u00e1s bien desde con una visi\u00f3n de integraci\u00f3n y encontrarnos, con una l\u00f3gica de que lo cultural es valioso. Tambi\u00e9n apostamos a procesos que a a larga mejoran la calidad de vida de ciudadanos\u00bb, indic\u00f3 Zaratti.<\/p>\n<p class=\"p1\">La convocatoria est\u00e1 disponible en la p\u00e1gina web oficial del evento,www.bicebebolivia.com, est\u00e1 abierta hasta marzo del pr\u00f3ximo a\u00f1o. La Bienal del Cartel se realizar\u00e1 del 18 al 23 de noviembre del 2019.<\/p>\n<p class=\"p1\">Por otro lado, la celebraci\u00f3n de los 10 a\u00f1os de la BICeB\u00e9 muestra obras de artistas de 22 pa\u00edses en formato gigante, las mismas ocuparan la sala de Cristal y la sala Diez de Medina del Museo Nacional de Arte hasta el 30 de septiembre.<\/p>\n<p class=\"p1\">Algunos de los dise\u00f1adores, dibujantes, ilustradores, tip\u00f3grafos y artistas pl\u00e1sticos parte de la exhibici\u00f3n se encuentran Alejandro Ros (Argentina), Melissa Cronembold (Bolivia), Alberto Montt (Chile \u2013 Ecuador), Edel Rodriguez (Cuba \u2013 EEUU), Sergio Vega (Bolivia), Isidro Ferrer (Espa\u00f1a) , Celeste Prieto (Uruguay) , Lonnie Ruiz (Nicaragua), Ejti Stih (Bolivia), Alain LeQuernec (Francia), Pekka Loiri (Finlandia),<span class=\"Apple-converted-space\">&nbsp; <\/span>Roberto Valcarcel (Bolivia), Hernan Berdichevsky (Argentina), Urzula y Flilip Tofil (Polonia), Carlos Villagomez(Bolivia), Gisele Monzon (Cuba) y Mehdi Saeedi (Iran \u2013 EEUU), entre otros.<\/p>\n<p class=\"p1\">Junto a Machicao trabaja un equipo silencioso y bajo perfil en la organizaci\u00f3n de la Bienal del Cartel, uno de ellos es el ilustrador Frank Arbelo, quien tambi\u00e9n ser\u00e1 parte de la muestra aniversario.<\/p>\n<p class=\"p1\">\u201cLa idea de mi cartel es sobre mi experiencia como parte del equipo de organizaci\u00f3n de la Bienal, sobre el proceso de estar trabajando desde dentro este proyecto y uso como s\u00edmbolo a el l\u00e1piz, como herramienta m\u00e1s ic\u00f3nica del dise\u00f1ador\u201d, dice Arbelo.<\/p>\n<p class=\"p1\">El artista cubano radicado en Bolivia explica que en el cartel se ve un l\u00e1piz cuya punta se va desgastando con el paso del tiempo, pero cuando se lo taja vuelve a tener funcionalidad.<\/p>\n<p class=\"p1\">\u201cMi cartel intenta representar todo el proceso de hacer la Bienal hasta q termina y se vuelve a empezar de nuevo\u201d, cierra Arbelo.<\/p>\n<p class=\"p1\">La BICeB\u00e9 articula una amplia plataforma nacional y es parte de varias redes regionales internacionales, lo que posibilita la llegada de maestros consagrados, vanguardistas \u2018new age\u2019 y j\u00f3venes emprendedores, lo que no ser\u00eda posible sin el apoyo de diferentes instituciones culturales y embajadas en Bolivia.<\/p>\n<p class=\"p1\">Otro aporte importante es la voluntad de coordinaci\u00f3n de las universidades nacionales y las facultades internacionales, sin ellas el evento no tendr\u00eda el impacto que logra en los nuevos profesionales del pa\u00eds.<\/p>\n<p class=\"p1\">\u201cJunto con las embajadas y las Universidades locales en La Paz que tambi\u00e9n nos han apoyado con los invitados destaco a la Carrera de Dise\u00f1o Gr\u00e1fico y Comunicaci\u00f3n Visual de la UCB, as\u00ed como a la Universidad Privada Franz Tamayo\u201d, dice Machicao.<\/p>\n<p class=\"p1\">Adem\u00e1s de los m\u00faltiples anuncios, la BICeB\u00e9 presentar\u00e1 su IDENTIDAD VISUAL 2019 realizada por la dise\u00f1adora y publicista cruce\u00f1a, Diana Ram\u00edrez.<\/p>\n<p class=\"p1\">\u201cEstamos muy contentos con el resultado. Diana ha creado una identidad muy linda y estamos orgullosos de que una mujer dise\u00f1adora est\u00e9 llevando esta bandera\u201d, resalta Machicao.<\/p>\n<p class=\"p1\">La dise\u00f1adora paraguaya, Celeste Prieto, que fue parte de la Bienal del Cartel como jurado internacional y destaca el impulso de representaci\u00f3n del dise\u00f1o Latinoamericano para el mundo.<\/p>\n<p class=\"p1\">\u201cTuve el honor de ser invitada a ser jurado del a BICeB\u00e9 y descubr\u00ed una ciudad maravillosa, de geograf\u00eda sorpresiva y de gente de una amabilidad sin l\u00edmite. Conoc\u00eda el dise\u00f1o boliviano, porque siendo jurado de la Bienal del Cartel en M\u00e9xico 2009 tuve el honor de votar por el primer premio que fue para Bolivia. Desde all\u00ed he seguido sus pasos hasta estar disfrutando de cerca de quienes est\u00e1n detr\u00e1s de \u00e9l en la Bienal\u201d, apunt\u00f3 Prieto.<\/p>\n<p class=\"p1\">Prieto apunt\u00f3 que esta clase de evento vincula a los dise\u00f1adores con mundo y revaloriza<span class=\"Apple-converted-space\">&nbsp; <\/span>las identidades latinoamericanas; \u201centendiendo que el valor est\u00e1 en la diferencia no en la uniformidad. Acad\u00e9micamente es clase de eventos son una oportunidad inmejorable para los j\u00f3venes estudiantes de saber que \u201clos grandes\u201d lo son por su esfuerzo, innovaci\u00f3n y constancia, nada que no tenga una persona \u201cnormal\u201d, remata.<\/p>\n<p class=\"p2\"><strong>Pa\u00eds Invitado 2019: Estados Unidos<br \/>\n<\/strong>CATEGOR\u00cdA A Cartel Cultural<br \/>\nCATEGOR\u00cdA B Cartel Social<br \/>\nCATEGOR\u00cdA A Cartel Publicitario<strong><br \/>\n<\/strong>CATEGORIA D \u201cLa era de la Desinformaci\u00f3n\u201d<br \/>\nCATEGORIA E \u201cEl empoderamiento de las Mujeres\u201d<\/p>\n<p class=\"p2\"><strong>Monto econ\u00f3mico total en Premios<\/strong> $us 15 mil<\/p>\n<p class=\"p2\"><strong>Jurados <\/strong><br \/>\nRikke Hansen (Dinamarca)<br \/>\nMehdi Saeedi (Iran \u2013 EEUU)<br \/>\nDaisuke Kashiwa (Japon)<br \/>\nJoanna G\u00f3rska(Polonia)<br \/>\nEmmet Smith<span class=\"Apple-converted-space\">&nbsp; <\/span>(Director Creativo NAT GEO EEUU)<br \/>\nKiko Farkas (Brasil)<br \/>\nFidel Sclavo (Uruguay)<br \/>\nMalika Favre (Francia)<br \/>\nCynthia Pati\u00f1o (Bolivia)<\/p>\n<p class=\"p2\"><strong>Fechas del evento<\/strong> 18 al 23 de NOVIEMBRE 2019 en La Paz<br \/>\n<strong>Cierre de convocatoria<\/strong>: 08 de MARZO de 2019<\/p>\n<\/div>\n","protected":false},"excerpt":{"rendered":"<p>La Bienal del Cartel Bolivia BICeB\u00e9 cumple 10 a\u00f1os y por ello realiz\u00f3 la apertura de una muestra especial que re\u00fane las obras de 61 artistas gr\u00e1ficos que pasaron por el evento, considerado uno de los m\u00e1s importantes en el pa\u00eds ya que vincula lo acad\u00e9mico con lo cultural de una manera \u00fanica. Las expectativas &hellip; <a href=\"https:\/\/www.bicebebolivia.com\/blog\/sin-categoria\/la-bienal-del-cartel-celebra-sus-10-lanzando-su-convocatoria-2019\/\" class=\"more-link\">Sigue leyendo <span class=\"screen-reader-text\">La Bienal del Cartel celebra sus 10mo. aniversario lanzando su convocatoria 2019<\/span><\/a><\/p>\n","protected":false},"author":2,"featured_media":311,"comment_status":"open","ping_status":"open","sticky":false,"template":"","format":"image","meta":{"footnotes":""},"categories":[1],"tags":[],"class_list":["post-310","post","type-post","status-publish","format-image","has-post-thumbnail","hentry","category-sin-categoria","post_format-post-format-image"],"yoast_head":"<!-- This site is optimized with the Yoast SEO plugin v27.5 - https:\/\/yoast.com\/product\/yoast-seo-wordpress\/ -->\n<title>La Bienal del Cartel celebra sus 10mo. aniversario lanzando su convocatoria 2019 - BICeB\u00e9 Blog<\/title>\n<meta name=\"robots\" content=\"index, follow, max-snippet:-1, max-image-preview:large, max-video-preview:-1\" \/>\n<link rel=\"canonical\" href=\"http:\/\/www.bicebebolivia.com\/blog\/sin-categoria\/la-bienal-del-cartel-celebra-sus-10-lanzando-su-convocatoria-2019\/\" \/>\n<meta property=\"og:locale\" content=\"es_ES\" \/>\n<meta property=\"og:type\" content=\"article\" \/>\n<meta property=\"og:title\" content=\"La Bienal del Cartel celebra sus 10mo. aniversario lanzando su convocatoria 2019 - BICeB\u00e9 Blog\" \/>\n<meta property=\"og:description\" content=\"La Bienal del Cartel Bolivia BICeB\u00e9 cumple 10 a\u00f1os y por ello realiz\u00f3 la apertura de una muestra especial que re\u00fane las obras de 61 artistas gr\u00e1ficos que pasaron por el evento, considerado uno de los m\u00e1s importantes en el pa\u00eds ya que vincula lo acad\u00e9mico con lo cultural de una manera \u00fanica. Las expectativas &hellip; Sigue leyendo La Bienal del Cartel celebra sus 10mo. aniversario lanzando su convocatoria 2019\" \/>\n<meta property=\"og:url\" content=\"http:\/\/www.bicebebolivia.com\/blog\/sin-categoria\/la-bienal-del-cartel-celebra-sus-10-lanzando-su-convocatoria-2019\/\" \/>\n<meta property=\"og:site_name\" content=\"BICeB\u00e9 Blog\" \/>\n<meta property=\"article:publisher\" content=\"https:\/\/www.facebook.com\/BICeBe\" \/>\n<meta property=\"article:published_time\" content=\"2018-09-10T15:02:04+00:00\" \/>\n<meta property=\"article:modified_time\" content=\"2020-06-15T21:20:19+00:00\" \/>\n<meta property=\"og:image\" content=\"https:\/\/www.bicebebolivia.com\/blog\/wp-content\/uploads\/2018\/09\/01.png\" \/>\n\t<meta property=\"og:image:width\" content=\"1200\" \/>\n\t<meta property=\"og:image:height\" content=\"800\" \/>\n\t<meta property=\"og:image:type\" content=\"image\/png\" \/>\n<meta name=\"author\" content=\"Bienal del Cartel Bolivia BICeB\u00e9\" \/>\n<meta name=\"twitter:label1\" content=\"Escrito por\" \/>\n\t<meta name=\"twitter:data1\" content=\"Bienal del Cartel Bolivia BICeB\u00e9\" \/>\n\t<meta name=\"twitter:label2\" content=\"Tiempo de lectura\" \/>\n\t<meta name=\"twitter:data2\" content=\"6 minutos\" \/>\n<script type=\"application\/ld+json\" class=\"yoast-schema-graph\">{\"@context\":\"https:\\\/\\\/schema.org\",\"@graph\":[{\"@type\":\"Article\",\"@id\":\"http:\\\/\\\/www.bicebebolivia.com\\\/blog\\\/sin-categoria\\\/la-bienal-del-cartel-celebra-sus-10-lanzando-su-convocatoria-2019\\\/#article\",\"isPartOf\":{\"@id\":\"http:\\\/\\\/www.bicebebolivia.com\\\/blog\\\/sin-categoria\\\/la-bienal-del-cartel-celebra-sus-10-lanzando-su-convocatoria-2019\\\/\"},\"author\":{\"name\":\"Bienal del Cartel Bolivia BICeB\u00e9\",\"@id\":\"https:\\\/\\\/www.bicebebolivia.com\\\/blog\\\/#\\\/schema\\\/person\\\/26ad6d9a9ae3f5b7dcc077474d935c36\"},\"headline\":\"La Bienal del Cartel celebra sus 10mo. aniversario lanzando su convocatoria 2019\",\"datePublished\":\"2018-09-10T15:02:04+00:00\",\"dateModified\":\"2020-06-15T21:20:19+00:00\",\"mainEntityOfPage\":{\"@id\":\"http:\\\/\\\/www.bicebebolivia.com\\\/blog\\\/sin-categoria\\\/la-bienal-del-cartel-celebra-sus-10-lanzando-su-convocatoria-2019\\\/\"},\"wordCount\":1245,\"commentCount\":0,\"image\":{\"@id\":\"http:\\\/\\\/www.bicebebolivia.com\\\/blog\\\/sin-categoria\\\/la-bienal-del-cartel-celebra-sus-10-lanzando-su-convocatoria-2019\\\/#primaryimage\"},\"thumbnailUrl\":\"https:\\\/\\\/www.bicebebolivia.com\\\/blog\\\/wp-content\\\/uploads\\\/2018\\\/09\\\/01.png\",\"articleSection\":[\"Noticias\"],\"inLanguage\":\"es\",\"potentialAction\":[{\"@type\":\"CommentAction\",\"name\":\"Comment\",\"target\":[\"http:\\\/\\\/www.bicebebolivia.com\\\/blog\\\/sin-categoria\\\/la-bienal-del-cartel-celebra-sus-10-lanzando-su-convocatoria-2019\\\/#respond\"]}]},{\"@type\":\"WebPage\",\"@id\":\"http:\\\/\\\/www.bicebebolivia.com\\\/blog\\\/sin-categoria\\\/la-bienal-del-cartel-celebra-sus-10-lanzando-su-convocatoria-2019\\\/\",\"url\":\"http:\\\/\\\/www.bicebebolivia.com\\\/blog\\\/sin-categoria\\\/la-bienal-del-cartel-celebra-sus-10-lanzando-su-convocatoria-2019\\\/\",\"name\":\"La Bienal del Cartel celebra sus 10mo. aniversario lanzando su convocatoria 2019 - BICeB\u00e9 Blog\",\"isPartOf\":{\"@id\":\"https:\\\/\\\/www.bicebebolivia.com\\\/blog\\\/#website\"},\"primaryImageOfPage\":{\"@id\":\"http:\\\/\\\/www.bicebebolivia.com\\\/blog\\\/sin-categoria\\\/la-bienal-del-cartel-celebra-sus-10-lanzando-su-convocatoria-2019\\\/#primaryimage\"},\"image\":{\"@id\":\"http:\\\/\\\/www.bicebebolivia.com\\\/blog\\\/sin-categoria\\\/la-bienal-del-cartel-celebra-sus-10-lanzando-su-convocatoria-2019\\\/#primaryimage\"},\"thumbnailUrl\":\"https:\\\/\\\/www.bicebebolivia.com\\\/blog\\\/wp-content\\\/uploads\\\/2018\\\/09\\\/01.png\",\"datePublished\":\"2018-09-10T15:02:04+00:00\",\"dateModified\":\"2020-06-15T21:20:19+00:00\",\"author\":{\"@id\":\"https:\\\/\\\/www.bicebebolivia.com\\\/blog\\\/#\\\/schema\\\/person\\\/26ad6d9a9ae3f5b7dcc077474d935c36\"},\"breadcrumb\":{\"@id\":\"http:\\\/\\\/www.bicebebolivia.com\\\/blog\\\/sin-categoria\\\/la-bienal-del-cartel-celebra-sus-10-lanzando-su-convocatoria-2019\\\/#breadcrumb\"},\"inLanguage\":\"es\",\"potentialAction\":[{\"@type\":\"ReadAction\",\"target\":[\"http:\\\/\\\/www.bicebebolivia.com\\\/blog\\\/sin-categoria\\\/la-bienal-del-cartel-celebra-sus-10-lanzando-su-convocatoria-2019\\\/\"]}]},{\"@type\":\"ImageObject\",\"inLanguage\":\"es\",\"@id\":\"http:\\\/\\\/www.bicebebolivia.com\\\/blog\\\/sin-categoria\\\/la-bienal-del-cartel-celebra-sus-10-lanzando-su-convocatoria-2019\\\/#primaryimage\",\"url\":\"https:\\\/\\\/www.bicebebolivia.com\\\/blog\\\/wp-content\\\/uploads\\\/2018\\\/09\\\/01.png\",\"contentUrl\":\"https:\\\/\\\/www.bicebebolivia.com\\\/blog\\\/wp-content\\\/uploads\\\/2018\\\/09\\\/01.png\",\"width\":1200,\"height\":800},{\"@type\":\"BreadcrumbList\",\"@id\":\"http:\\\/\\\/www.bicebebolivia.com\\\/blog\\\/sin-categoria\\\/la-bienal-del-cartel-celebra-sus-10-lanzando-su-convocatoria-2019\\\/#breadcrumb\",\"itemListElement\":[{\"@type\":\"ListItem\",\"position\":1,\"name\":\"Portada\",\"item\":\"https:\\\/\\\/www.bicebebolivia.com\\\/blog\\\/\"},{\"@type\":\"ListItem\",\"position\":2,\"name\":\"La Bienal del Cartel celebra sus 10mo. aniversario lanzando su convocatoria 2019\"}]},{\"@type\":\"WebSite\",\"@id\":\"https:\\\/\\\/www.bicebebolivia.com\\\/blog\\\/#website\",\"url\":\"https:\\\/\\\/www.bicebebolivia.com\\\/blog\\\/\",\"name\":\"BICeB\u00e9 Blog\",\"description\":\"Bienal del Cartel Bolivia 2021\",\"potentialAction\":[{\"@type\":\"SearchAction\",\"target\":{\"@type\":\"EntryPoint\",\"urlTemplate\":\"https:\\\/\\\/www.bicebebolivia.com\\\/blog\\\/?s={search_term_string}\"},\"query-input\":{\"@type\":\"PropertyValueSpecification\",\"valueRequired\":true,\"valueName\":\"search_term_string\"}}],\"inLanguage\":\"es\"},{\"@type\":\"Person\",\"@id\":\"https:\\\/\\\/www.bicebebolivia.com\\\/blog\\\/#\\\/schema\\\/person\\\/26ad6d9a9ae3f5b7dcc077474d935c36\",\"name\":\"Bienal del Cartel Bolivia BICeB\u00e9\",\"image\":{\"@type\":\"ImageObject\",\"inLanguage\":\"es\",\"@id\":\"https:\\\/\\\/secure.gravatar.com\\\/avatar\\\/7a4b5272639cc73d859204e94c716e9d0dc61543d7f9a64cca5162eb3a30fabb?s=96&d=mm&r=g\",\"url\":\"https:\\\/\\\/secure.gravatar.com\\\/avatar\\\/7a4b5272639cc73d859204e94c716e9d0dc61543d7f9a64cca5162eb3a30fabb?s=96&d=mm&r=g\",\"contentUrl\":\"https:\\\/\\\/secure.gravatar.com\\\/avatar\\\/7a4b5272639cc73d859204e94c716e9d0dc61543d7f9a64cca5162eb3a30fabb?s=96&d=mm&r=g\",\"caption\":\"Bienal del Cartel Bolivia BICeB\u00e9\"},\"url\":\"https:\\\/\\\/www.bicebebolivia.com\\\/blog\\\/author\\\/bicebe_usser\\\/\"}]}<\/script>\n<!-- \/ Yoast SEO plugin. -->","yoast_head_json":{"title":"La Bienal del Cartel celebra sus 10mo. aniversario lanzando su convocatoria 2019 - BICeB\u00e9 Blog","robots":{"index":"index","follow":"follow","max-snippet":"max-snippet:-1","max-image-preview":"max-image-preview:large","max-video-preview":"max-video-preview:-1"},"canonical":"http:\/\/www.bicebebolivia.com\/blog\/sin-categoria\/la-bienal-del-cartel-celebra-sus-10-lanzando-su-convocatoria-2019\/","og_locale":"es_ES","og_type":"article","og_title":"La Bienal del Cartel celebra sus 10mo. aniversario lanzando su convocatoria 2019 - BICeB\u00e9 Blog","og_description":"La Bienal del Cartel Bolivia BICeB\u00e9 cumple 10 a\u00f1os y por ello realiz\u00f3 la apertura de una muestra especial que re\u00fane las obras de 61 artistas gr\u00e1ficos que pasaron por el evento, considerado uno de los m\u00e1s importantes en el pa\u00eds ya que vincula lo acad\u00e9mico con lo cultural de una manera \u00fanica. Las expectativas &hellip; Sigue leyendo La Bienal del Cartel celebra sus 10mo. aniversario lanzando su convocatoria 2019","og_url":"http:\/\/www.bicebebolivia.com\/blog\/sin-categoria\/la-bienal-del-cartel-celebra-sus-10-lanzando-su-convocatoria-2019\/","og_site_name":"BICeB\u00e9 Blog","article_publisher":"https:\/\/www.facebook.com\/BICeBe","article_published_time":"2018-09-10T15:02:04+00:00","article_modified_time":"2020-06-15T21:20:19+00:00","og_image":[{"width":1200,"height":800,"url":"https:\/\/www.bicebebolivia.com\/blog\/wp-content\/uploads\/2018\/09\/01.png","type":"image\/png"}],"author":"Bienal del Cartel Bolivia BICeB\u00e9","twitter_misc":{"Escrito por":"Bienal del Cartel Bolivia BICeB\u00e9","Tiempo de lectura":"6 minutos"},"schema":{"@context":"https:\/\/schema.org","@graph":[{"@type":"Article","@id":"http:\/\/www.bicebebolivia.com\/blog\/sin-categoria\/la-bienal-del-cartel-celebra-sus-10-lanzando-su-convocatoria-2019\/#article","isPartOf":{"@id":"http:\/\/www.bicebebolivia.com\/blog\/sin-categoria\/la-bienal-del-cartel-celebra-sus-10-lanzando-su-convocatoria-2019\/"},"author":{"name":"Bienal del Cartel Bolivia BICeB\u00e9","@id":"https:\/\/www.bicebebolivia.com\/blog\/#\/schema\/person\/26ad6d9a9ae3f5b7dcc077474d935c36"},"headline":"La Bienal del Cartel celebra sus 10mo. aniversario lanzando su convocatoria 2019","datePublished":"2018-09-10T15:02:04+00:00","dateModified":"2020-06-15T21:20:19+00:00","mainEntityOfPage":{"@id":"http:\/\/www.bicebebolivia.com\/blog\/sin-categoria\/la-bienal-del-cartel-celebra-sus-10-lanzando-su-convocatoria-2019\/"},"wordCount":1245,"commentCount":0,"image":{"@id":"http:\/\/www.bicebebolivia.com\/blog\/sin-categoria\/la-bienal-del-cartel-celebra-sus-10-lanzando-su-convocatoria-2019\/#primaryimage"},"thumbnailUrl":"https:\/\/www.bicebebolivia.com\/blog\/wp-content\/uploads\/2018\/09\/01.png","articleSection":["Noticias"],"inLanguage":"es","potentialAction":[{"@type":"CommentAction","name":"Comment","target":["http:\/\/www.bicebebolivia.com\/blog\/sin-categoria\/la-bienal-del-cartel-celebra-sus-10-lanzando-su-convocatoria-2019\/#respond"]}]},{"@type":"WebPage","@id":"http:\/\/www.bicebebolivia.com\/blog\/sin-categoria\/la-bienal-del-cartel-celebra-sus-10-lanzando-su-convocatoria-2019\/","url":"http:\/\/www.bicebebolivia.com\/blog\/sin-categoria\/la-bienal-del-cartel-celebra-sus-10-lanzando-su-convocatoria-2019\/","name":"La Bienal del Cartel celebra sus 10mo. aniversario lanzando su convocatoria 2019 - BICeB\u00e9 Blog","isPartOf":{"@id":"https:\/\/www.bicebebolivia.com\/blog\/#website"},"primaryImageOfPage":{"@id":"http:\/\/www.bicebebolivia.com\/blog\/sin-categoria\/la-bienal-del-cartel-celebra-sus-10-lanzando-su-convocatoria-2019\/#primaryimage"},"image":{"@id":"http:\/\/www.bicebebolivia.com\/blog\/sin-categoria\/la-bienal-del-cartel-celebra-sus-10-lanzando-su-convocatoria-2019\/#primaryimage"},"thumbnailUrl":"https:\/\/www.bicebebolivia.com\/blog\/wp-content\/uploads\/2018\/09\/01.png","datePublished":"2018-09-10T15:02:04+00:00","dateModified":"2020-06-15T21:20:19+00:00","author":{"@id":"https:\/\/www.bicebebolivia.com\/blog\/#\/schema\/person\/26ad6d9a9ae3f5b7dcc077474d935c36"},"breadcrumb":{"@id":"http:\/\/www.bicebebolivia.com\/blog\/sin-categoria\/la-bienal-del-cartel-celebra-sus-10-lanzando-su-convocatoria-2019\/#breadcrumb"},"inLanguage":"es","potentialAction":[{"@type":"ReadAction","target":["http:\/\/www.bicebebolivia.com\/blog\/sin-categoria\/la-bienal-del-cartel-celebra-sus-10-lanzando-su-convocatoria-2019\/"]}]},{"@type":"ImageObject","inLanguage":"es","@id":"http:\/\/www.bicebebolivia.com\/blog\/sin-categoria\/la-bienal-del-cartel-celebra-sus-10-lanzando-su-convocatoria-2019\/#primaryimage","url":"https:\/\/www.bicebebolivia.com\/blog\/wp-content\/uploads\/2018\/09\/01.png","contentUrl":"https:\/\/www.bicebebolivia.com\/blog\/wp-content\/uploads\/2018\/09\/01.png","width":1200,"height":800},{"@type":"BreadcrumbList","@id":"http:\/\/www.bicebebolivia.com\/blog\/sin-categoria\/la-bienal-del-cartel-celebra-sus-10-lanzando-su-convocatoria-2019\/#breadcrumb","itemListElement":[{"@type":"ListItem","position":1,"name":"Portada","item":"https:\/\/www.bicebebolivia.com\/blog\/"},{"@type":"ListItem","position":2,"name":"La Bienal del Cartel celebra sus 10mo. aniversario lanzando su convocatoria 2019"}]},{"@type":"WebSite","@id":"https:\/\/www.bicebebolivia.com\/blog\/#website","url":"https:\/\/www.bicebebolivia.com\/blog\/","name":"BICeB\u00e9 Blog","description":"Bienal del Cartel Bolivia 2021","potentialAction":[{"@type":"SearchAction","target":{"@type":"EntryPoint","urlTemplate":"https:\/\/www.bicebebolivia.com\/blog\/?s={search_term_string}"},"query-input":{"@type":"PropertyValueSpecification","valueRequired":true,"valueName":"search_term_string"}}],"inLanguage":"es"},{"@type":"Person","@id":"https:\/\/www.bicebebolivia.com\/blog\/#\/schema\/person\/26ad6d9a9ae3f5b7dcc077474d935c36","name":"Bienal del Cartel Bolivia BICeB\u00e9","image":{"@type":"ImageObject","inLanguage":"es","@id":"https:\/\/secure.gravatar.com\/avatar\/7a4b5272639cc73d859204e94c716e9d0dc61543d7f9a64cca5162eb3a30fabb?s=96&d=mm&r=g","url":"https:\/\/secure.gravatar.com\/avatar\/7a4b5272639cc73d859204e94c716e9d0dc61543d7f9a64cca5162eb3a30fabb?s=96&d=mm&r=g","contentUrl":"https:\/\/secure.gravatar.com\/avatar\/7a4b5272639cc73d859204e94c716e9d0dc61543d7f9a64cca5162eb3a30fabb?s=96&d=mm&r=g","caption":"Bienal del Cartel Bolivia BICeB\u00e9"},"url":"https:\/\/www.bicebebolivia.com\/blog\/author\/bicebe_usser\/"}]}},"_links":{"self":[{"href":"https:\/\/www.bicebebolivia.com\/blog\/wp-json\/wp\/v2\/posts\/310","targetHints":{"allow":["GET"]}}],"collection":[{"href":"https:\/\/www.bicebebolivia.com\/blog\/wp-json\/wp\/v2\/posts"}],"about":[{"href":"https:\/\/www.bicebebolivia.com\/blog\/wp-json\/wp\/v2\/types\/post"}],"author":[{"embeddable":true,"href":"https:\/\/www.bicebebolivia.com\/blog\/wp-json\/wp\/v2\/users\/2"}],"replies":[{"embeddable":true,"href":"https:\/\/www.bicebebolivia.com\/blog\/wp-json\/wp\/v2\/comments?post=310"}],"version-history":[{"count":2,"href":"https:\/\/www.bicebebolivia.com\/blog\/wp-json\/wp\/v2\/posts\/310\/revisions"}],"predecessor-version":[{"id":429,"href":"https:\/\/www.bicebebolivia.com\/blog\/wp-json\/wp\/v2\/posts\/310\/revisions\/429"}],"wp:featuredmedia":[{"embeddable":true,"href":"https:\/\/www.bicebebolivia.com\/blog\/wp-json\/wp\/v2\/media\/311"}],"wp:attachment":[{"href":"https:\/\/www.bicebebolivia.com\/blog\/wp-json\/wp\/v2\/media?parent=310"}],"wp:term":[{"taxonomy":"category","embeddable":true,"href":"https:\/\/www.bicebebolivia.com\/blog\/wp-json\/wp\/v2\/categories?post=310"},{"taxonomy":"post_tag","embeddable":true,"href":"https:\/\/www.bicebebolivia.com\/blog\/wp-json\/wp\/v2\/tags?post=310"}],"curies":[{"name":"wp","href":"https:\/\/api.w.org\/{rel}","templated":true}]}}