{"id":313,"date":"2018-09-10T11:08:56","date_gmt":"2018-09-10T15:08:56","guid":{"rendered":"http:\/\/www.bicebebolivia.com\/blog\/?p=313"},"modified":"2018-09-10T11:08:56","modified_gmt":"2018-09-10T15:08:56","slug":"la-convocatoria-esta-abierta","status":"publish","type":"post","link":"https:\/\/www.bicebebolivia.com\/blog\/convocatoria-internacional\/la-convocatoria-esta-abierta\/","title":{"rendered":"LA CONVOCATORIA ESTA ABIERTA"},"content":{"rendered":"<blockquote>\n<h1>Estados Unidos es el invitado de honor de la Bienal del Cartel 2019<\/h1>\n<\/blockquote>\n<p><em><strong>La BICeB\u00e9 lanz\u00f3 su convocatoria internacional al concurso con un monto econ\u00f3mico que haciende a m\u00e1s de $15 mil en sus cinco categor\u00edas. \u201cLa era de la desinformaci\u00f3n\u201d y \u201cEl empoderamiento de la mujer\u201d son las tem\u00e1ticas curatoriales.<\/strong><\/em><\/p>\n<p><b><span style=\"color: #3366ff;\"><a style=\"color: #3366ff;\" href=\"http:\/\/www.bicebebolivia.com\/sites\/default\/files\/POSTER_CALL_BICEBE2019_0.pdf\">DESCARGA LA CONVOCATORIA AQU\u00cd<\/a><\/span><\/p>\n<p>La Paz, 6 de septiembre (ANF).-<\/b> La Bienal del Cartel Bolivia BICeB\u00e9 lanz\u00f3 la convocatoria al concurso internacional de carteles para su versi\u00f3n 2019, donde tendr\u00e1 a Estados Unidos como invitado de honor.<\/p>\n<p>\u201cNos entendemos como motor de la econom\u00eda creativa, hemos sido honrados y designados como representantes del pa\u00eds en diferentes mercados culturales regionales, somos bandera de dise\u00f1o local y Marca Pa\u00eds de dise\u00f1o\u201d, relat\u00f3 la coordinadora general de la BICeB\u00e9, Susana Machicao, desde el Museo Nacional de Arte (MNA) donde se realiz\u00f3 el acto de lanzamiento.<\/p>\n<p>Este a\u00f1o, la BICeB\u00e9 forma parte del primer mercado de industrias creativas en La Paz, el MIC 360, raz\u00f3n por la cual recibi\u00f3 la invitaci\u00f3n de la Secretaria de Culturas de la Municipalidad de La Paz para organizar una muestra aniversario potenciando as\u00ed su t\u00edtulo de Capital Iberoamericana de las Culturas.<\/p>\n<p>\u201cNo podemos estar m\u00e1s contentos de ser reconocidos como profesionales que generan desarrollo sustentable, din\u00e1mica econ\u00f3mica y por consecuente ser entendidos como servidores de la sociedad\u201d, apunt\u00f3 Machicao.<\/p>\n<p>Los organizadores tambi\u00e9n anunciaron otras novedades, entre ellas a los jurados internacionales. Se trata de una diversidad de artistas, dise\u00f1adores y expertos de la imagen, quienes se encargar\u00e1n de elegir los trabajos ganadores en cinco categor\u00edas.<\/p>\n<p>Los nueve jurados son: Rikke Hansen (Dinamarca), Mehdi Saeedi (Iran \u2013 Estados Unidos), Daisuke Kashiwa (Jap\u00f3n), Joanna G\u00f3rska (Polonia), Malika Favre (Francia) , Kiko Farkas (Brasil) , Cynthia Pati\u00f1o (Bolivia \u2013 EEUU) , Fidel Sclavo (Uruguay) y el editor en jefe de dise\u00f1o de la revista NATGeo, Emmet Smith.<\/p>\n<p>\u201cLa era de la desinformaci\u00f3n\u201d en la categor\u00eda cartel in\u00e9dito y \u201cEl empoderamiento de la Mujer\u201d en la categor\u00eda GIF, son las tem\u00e1ticas curatoriales. La convocatoria estar\u00e1 abierta hasta marzo del 2019 y se puede descargar del sitio web: <a href=\"http:\/\/www.bicebebolivia.com\/\">www.bicebebolivia.com<\/a><\/p>\n<p>Los premios econ\u00f3micos hacienden al monto de $us 15 mil para esta nueva versi\u00f3n de uno de los eventos acad\u00e9mico-culturales m\u00e1s importantes para el dise\u00f1o y la industria creativa en Bolivia.<\/p>\n<p>El secretario de culturas del Gobierno Aut\u00f3nomo Municipal de La Paz (GAMLP), Andr\u00e9s Zaratti, hizo un repaso sobre las razones de su apoyo constante a la Bienal. Destac\u00f3 el aporte de la misma al desarrollo y formaci\u00f3n de nuevos talentos nacionales, a la toma del espacio p\u00fablico y tambi\u00e9n habl\u00f3 sobre la importancia de consolidar una identidad propia en cuanto al dise\u00f1o boliviano.<\/p>\n<p>\u201cDestaco que lo cultural sea una manera de tender puentes para encontrarnos y es por eso que la Bienal ha logrado articularnos a instituciones que tal\u00a0vez\u00a0por otro tipo de din\u00e1mica estamos distanciados. La cultura debe ir m\u00e1s alla de la coyuntura pol\u00edtica, desde con una visi\u00f3n de integraci\u00f3n y para encontrarnos, con una l\u00f3gica de que lo cultural es valioso. Tambi\u00e9n\u00a0apostamos\u00a0a procesos que a larga mejoran la calidad de vida de los ciudadanos\u00bb, dijo Zaratti.<\/p>\n<p>En sus 10 a\u00f1os de vida, la BICEB\u00e9 articul\u00f3 diferentes sectores del \u00e1mbito creativo nacional como artistas pl\u00e1sticos, ilustradores, fot\u00f3grafos y tip\u00f3grafos, quienes ven al Cartel como uno de los formatos m\u00e1s atractivos que todav\u00eda no ha perdido relevancia pese al \u00e1mbito digital.<\/p>\n<p>Durante el acto de lanzamiento tambi\u00e9n fue develada la identidad de la BICeB\u00e9 2019 que fue creada por la dise\u00f1adora e ilustradora cruce\u00f1a, Diana Ram\u00edrez, quien se desempe\u00f1a como publicista.<\/p>\n<p>\u201cAl ser el aniversario n\u00famero 10 de la bienal sent\u00ed gran responsabilidad y para realizar la propuesta investigu\u00e9 su historia, haciendo un recuento de todas las l\u00edneas gr\u00e1ficas y los grandes artistas que las hab\u00edan hecho. Identifiqu\u00e9 una escencia muy humana y personal en las propuestas\u201d, apunt\u00f3 Ramirez, quien tiene estudios en dise\u00f1o gr\u00e1fico en la Universidad Autonoma Gabriel Rene Moreno (UAGRM).<\/p>\n<p>Tambi\u00e9n estuvieron presentes en la velada la coordinadora cultural de la Embajada de Estados Unidos en Bolivia, Fabiola Ybarnegaray, en representaci\u00f3n del encargado de negocios Bruce Williamson.<\/p>\n<p>\u201cEs un honor para nosotros. Es una alegria estar en uno de los acontecimeintos culturales m\u00e1s mportnate del mundo del diseno gr\u00e1fico como pa\u00eds invitado\u201d, indic\u00f3 Ybarnegaray que adem\u00e1s dijo que en la Bienal del Cartel 2019, Estados Unidos presentar\u00e1 \u201cla complejidad de un pais diverso y contradictorio que busca a trav\u00e9s de las expresiones artisticas para inspirar al cambio\u201d.<\/p>\n<p>Tambi\u00e9n estuvieron presentes el director del MNA, Jos\u00e9 Bedoya, el director de la carrera de Comunicaci\u00f3n, Rafael Loayza y el gerente de la marca Huari, Fernando Alborta, quienes son parte fundamental del apoyo a la BICeB\u00e9 2019.<\/p>\n<p>(MJF)<\/p>\n","protected":false},"excerpt":{"rendered":"<p>Estados Unidos es el invitado de honor de la Bienal del Cartel 2019 La BICeB\u00e9 lanz\u00f3 su convocatoria internacional al concurso con un monto econ\u00f3mico que haciende a m\u00e1s de $15 mil en sus cinco categor\u00edas. \u201cLa era de la desinformaci\u00f3n\u201d y \u201cEl empoderamiento de la mujer\u201d son las tem\u00e1ticas curatoriales. DESCARGA LA CONVOCATORIA AQU\u00cd &hellip; <a href=\"https:\/\/www.bicebebolivia.com\/blog\/convocatoria-internacional\/la-convocatoria-esta-abierta\/\" class=\"more-link\">Sigue leyendo <span class=\"screen-reader-text\">LA CONVOCATORIA ESTA ABIERTA<\/span><\/a><\/p>\n","protected":false},"author":2,"featured_media":314,"comment_status":"open","ping_status":"open","sticky":false,"template":"","format":"standard","meta":{"footnotes":""},"categories":[3,6,1],"tags":[],"class_list":["post-313","post","type-post","status-publish","format-standard","has-post-thumbnail","hentry","category-convocatoria-internacional","category-jurados","category-sin-categoria"],"yoast_head":"<!-- This site is optimized with the Yoast SEO plugin v27.5 - https:\/\/yoast.com\/product\/yoast-seo-wordpress\/ -->\n<title>LA CONVOCATORIA ESTA ABIERTA - BICeB\u00e9 Blog<\/title>\n<meta name=\"robots\" content=\"index, follow, max-snippet:-1, max-image-preview:large, max-video-preview:-1\" \/>\n<link rel=\"canonical\" href=\"http:\/\/www.bicebebolivia.com\/blog\/convocatoria-internacional\/la-convocatoria-esta-abierta\/\" \/>\n<meta property=\"og:locale\" content=\"es_ES\" \/>\n<meta property=\"og:type\" content=\"article\" \/>\n<meta property=\"og:title\" content=\"LA CONVOCATORIA ESTA ABIERTA - BICeB\u00e9 Blog\" \/>\n<meta property=\"og:description\" content=\"Estados Unidos es el invitado de honor de la Bienal del Cartel 2019 La BICeB\u00e9 lanz\u00f3 su convocatoria internacional al concurso con un monto econ\u00f3mico que haciende a m\u00e1s de $15 mil en sus cinco categor\u00edas. \u201cLa era de la desinformaci\u00f3n\u201d y \u201cEl empoderamiento de la mujer\u201d son las tem\u00e1ticas curatoriales. DESCARGA LA CONVOCATORIA AQU\u00cd &hellip; Sigue leyendo LA CONVOCATORIA ESTA ABIERTA\" \/>\n<meta property=\"og:url\" content=\"http:\/\/www.bicebebolivia.com\/blog\/convocatoria-internacional\/la-convocatoria-esta-abierta\/\" \/>\n<meta property=\"og:site_name\" content=\"BICeB\u00e9 Blog\" \/>\n<meta property=\"article:publisher\" content=\"https:\/\/www.facebook.com\/BICeBe\" \/>\n<meta property=\"article:published_time\" content=\"2018-09-10T15:08:56+00:00\" \/>\n<meta property=\"og:image\" content=\"https:\/\/www.bicebebolivia.com\/blog\/wp-content\/uploads\/2018\/09\/02.png\" \/>\n\t<meta property=\"og:image:width\" content=\"1200\" \/>\n\t<meta property=\"og:image:height\" content=\"800\" \/>\n\t<meta property=\"og:image:type\" content=\"image\/png\" \/>\n<meta name=\"author\" content=\"Bienal del Cartel Bolivia BICeB\u00e9\" \/>\n<meta name=\"twitter:label1\" content=\"Escrito por\" \/>\n\t<meta name=\"twitter:data1\" content=\"Bienal del Cartel Bolivia BICeB\u00e9\" \/>\n\t<meta name=\"twitter:label2\" content=\"Tiempo de lectura\" \/>\n\t<meta name=\"twitter:data2\" content=\"4 minutos\" \/>\n<script type=\"application\/ld+json\" class=\"yoast-schema-graph\">{\"@context\":\"https:\\\/\\\/schema.org\",\"@graph\":[{\"@type\":\"Article\",\"@id\":\"http:\\\/\\\/www.bicebebolivia.com\\\/blog\\\/convocatoria-internacional\\\/la-convocatoria-esta-abierta\\\/#article\",\"isPartOf\":{\"@id\":\"http:\\\/\\\/www.bicebebolivia.com\\\/blog\\\/convocatoria-internacional\\\/la-convocatoria-esta-abierta\\\/\"},\"author\":{\"name\":\"Bienal del Cartel Bolivia BICeB\u00e9\",\"@id\":\"https:\\\/\\\/www.bicebebolivia.com\\\/blog\\\/#\\\/schema\\\/person\\\/26ad6d9a9ae3f5b7dcc077474d935c36\"},\"headline\":\"LA CONVOCATORIA ESTA ABIERTA\",\"datePublished\":\"2018-09-10T15:08:56+00:00\",\"mainEntityOfPage\":{\"@id\":\"http:\\\/\\\/www.bicebebolivia.com\\\/blog\\\/convocatoria-internacional\\\/la-convocatoria-esta-abierta\\\/\"},\"wordCount\":845,\"commentCount\":2,\"image\":{\"@id\":\"http:\\\/\\\/www.bicebebolivia.com\\\/blog\\\/convocatoria-internacional\\\/la-convocatoria-esta-abierta\\\/#primaryimage\"},\"thumbnailUrl\":\"https:\\\/\\\/www.bicebebolivia.com\\\/blog\\\/wp-content\\\/uploads\\\/2018\\\/09\\\/02.png\",\"articleSection\":[\"Convocatoria Internacional\",\"Jurados\",\"Noticias\"],\"inLanguage\":\"es\",\"potentialAction\":[{\"@type\":\"CommentAction\",\"name\":\"Comment\",\"target\":[\"http:\\\/\\\/www.bicebebolivia.com\\\/blog\\\/convocatoria-internacional\\\/la-convocatoria-esta-abierta\\\/#respond\"]}]},{\"@type\":\"WebPage\",\"@id\":\"http:\\\/\\\/www.bicebebolivia.com\\\/blog\\\/convocatoria-internacional\\\/la-convocatoria-esta-abierta\\\/\",\"url\":\"http:\\\/\\\/www.bicebebolivia.com\\\/blog\\\/convocatoria-internacional\\\/la-convocatoria-esta-abierta\\\/\",\"name\":\"LA CONVOCATORIA ESTA ABIERTA - BICeB\u00e9 Blog\",\"isPartOf\":{\"@id\":\"https:\\\/\\\/www.bicebebolivia.com\\\/blog\\\/#website\"},\"primaryImageOfPage\":{\"@id\":\"http:\\\/\\\/www.bicebebolivia.com\\\/blog\\\/convocatoria-internacional\\\/la-convocatoria-esta-abierta\\\/#primaryimage\"},\"image\":{\"@id\":\"http:\\\/\\\/www.bicebebolivia.com\\\/blog\\\/convocatoria-internacional\\\/la-convocatoria-esta-abierta\\\/#primaryimage\"},\"thumbnailUrl\":\"https:\\\/\\\/www.bicebebolivia.com\\\/blog\\\/wp-content\\\/uploads\\\/2018\\\/09\\\/02.png\",\"datePublished\":\"2018-09-10T15:08:56+00:00\",\"author\":{\"@id\":\"https:\\\/\\\/www.bicebebolivia.com\\\/blog\\\/#\\\/schema\\\/person\\\/26ad6d9a9ae3f5b7dcc077474d935c36\"},\"breadcrumb\":{\"@id\":\"http:\\\/\\\/www.bicebebolivia.com\\\/blog\\\/convocatoria-internacional\\\/la-convocatoria-esta-abierta\\\/#breadcrumb\"},\"inLanguage\":\"es\",\"potentialAction\":[{\"@type\":\"ReadAction\",\"target\":[\"http:\\\/\\\/www.bicebebolivia.com\\\/blog\\\/convocatoria-internacional\\\/la-convocatoria-esta-abierta\\\/\"]}]},{\"@type\":\"ImageObject\",\"inLanguage\":\"es\",\"@id\":\"http:\\\/\\\/www.bicebebolivia.com\\\/blog\\\/convocatoria-internacional\\\/la-convocatoria-esta-abierta\\\/#primaryimage\",\"url\":\"https:\\\/\\\/www.bicebebolivia.com\\\/blog\\\/wp-content\\\/uploads\\\/2018\\\/09\\\/02.png\",\"contentUrl\":\"https:\\\/\\\/www.bicebebolivia.com\\\/blog\\\/wp-content\\\/uploads\\\/2018\\\/09\\\/02.png\",\"width\":1200,\"height\":800},{\"@type\":\"BreadcrumbList\",\"@id\":\"http:\\\/\\\/www.bicebebolivia.com\\\/blog\\\/convocatoria-internacional\\\/la-convocatoria-esta-abierta\\\/#breadcrumb\",\"itemListElement\":[{\"@type\":\"ListItem\",\"position\":1,\"name\":\"Portada\",\"item\":\"https:\\\/\\\/www.bicebebolivia.com\\\/blog\\\/\"},{\"@type\":\"ListItem\",\"position\":2,\"name\":\"LA CONVOCATORIA ESTA ABIERTA\"}]},{\"@type\":\"WebSite\",\"@id\":\"https:\\\/\\\/www.bicebebolivia.com\\\/blog\\\/#website\",\"url\":\"https:\\\/\\\/www.bicebebolivia.com\\\/blog\\\/\",\"name\":\"BICeB\u00e9 Blog\",\"description\":\"Bienal del Cartel Bolivia 2021\",\"potentialAction\":[{\"@type\":\"SearchAction\",\"target\":{\"@type\":\"EntryPoint\",\"urlTemplate\":\"https:\\\/\\\/www.bicebebolivia.com\\\/blog\\\/?s={search_term_string}\"},\"query-input\":{\"@type\":\"PropertyValueSpecification\",\"valueRequired\":true,\"valueName\":\"search_term_string\"}}],\"inLanguage\":\"es\"},{\"@type\":\"Person\",\"@id\":\"https:\\\/\\\/www.bicebebolivia.com\\\/blog\\\/#\\\/schema\\\/person\\\/26ad6d9a9ae3f5b7dcc077474d935c36\",\"name\":\"Bienal del Cartel Bolivia BICeB\u00e9\",\"image\":{\"@type\":\"ImageObject\",\"inLanguage\":\"es\",\"@id\":\"https:\\\/\\\/secure.gravatar.com\\\/avatar\\\/7a4b5272639cc73d859204e94c716e9d0dc61543d7f9a64cca5162eb3a30fabb?s=96&d=mm&r=g\",\"url\":\"https:\\\/\\\/secure.gravatar.com\\\/avatar\\\/7a4b5272639cc73d859204e94c716e9d0dc61543d7f9a64cca5162eb3a30fabb?s=96&d=mm&r=g\",\"contentUrl\":\"https:\\\/\\\/secure.gravatar.com\\\/avatar\\\/7a4b5272639cc73d859204e94c716e9d0dc61543d7f9a64cca5162eb3a30fabb?s=96&d=mm&r=g\",\"caption\":\"Bienal del Cartel Bolivia BICeB\u00e9\"},\"url\":\"https:\\\/\\\/www.bicebebolivia.com\\\/blog\\\/author\\\/bicebe_usser\\\/\"}]}<\/script>\n<!-- \/ Yoast SEO plugin. -->","yoast_head_json":{"title":"LA CONVOCATORIA ESTA ABIERTA - BICeB\u00e9 Blog","robots":{"index":"index","follow":"follow","max-snippet":"max-snippet:-1","max-image-preview":"max-image-preview:large","max-video-preview":"max-video-preview:-1"},"canonical":"http:\/\/www.bicebebolivia.com\/blog\/convocatoria-internacional\/la-convocatoria-esta-abierta\/","og_locale":"es_ES","og_type":"article","og_title":"LA CONVOCATORIA ESTA ABIERTA - BICeB\u00e9 Blog","og_description":"Estados Unidos es el invitado de honor de la Bienal del Cartel 2019 La BICeB\u00e9 lanz\u00f3 su convocatoria internacional al concurso con un monto econ\u00f3mico que haciende a m\u00e1s de $15 mil en sus cinco categor\u00edas. \u201cLa era de la desinformaci\u00f3n\u201d y \u201cEl empoderamiento de la mujer\u201d son las tem\u00e1ticas curatoriales. DESCARGA LA CONVOCATORIA AQU\u00cd &hellip; Sigue leyendo LA CONVOCATORIA ESTA ABIERTA","og_url":"http:\/\/www.bicebebolivia.com\/blog\/convocatoria-internacional\/la-convocatoria-esta-abierta\/","og_site_name":"BICeB\u00e9 Blog","article_publisher":"https:\/\/www.facebook.com\/BICeBe","article_published_time":"2018-09-10T15:08:56+00:00","og_image":[{"width":1200,"height":800,"url":"https:\/\/www.bicebebolivia.com\/blog\/wp-content\/uploads\/2018\/09\/02.png","type":"image\/png"}],"author":"Bienal del Cartel Bolivia BICeB\u00e9","twitter_misc":{"Escrito por":"Bienal del Cartel Bolivia BICeB\u00e9","Tiempo de lectura":"4 minutos"},"schema":{"@context":"https:\/\/schema.org","@graph":[{"@type":"Article","@id":"http:\/\/www.bicebebolivia.com\/blog\/convocatoria-internacional\/la-convocatoria-esta-abierta\/#article","isPartOf":{"@id":"http:\/\/www.bicebebolivia.com\/blog\/convocatoria-internacional\/la-convocatoria-esta-abierta\/"},"author":{"name":"Bienal del Cartel Bolivia BICeB\u00e9","@id":"https:\/\/www.bicebebolivia.com\/blog\/#\/schema\/person\/26ad6d9a9ae3f5b7dcc077474d935c36"},"headline":"LA CONVOCATORIA ESTA ABIERTA","datePublished":"2018-09-10T15:08:56+00:00","mainEntityOfPage":{"@id":"http:\/\/www.bicebebolivia.com\/blog\/convocatoria-internacional\/la-convocatoria-esta-abierta\/"},"wordCount":845,"commentCount":2,"image":{"@id":"http:\/\/www.bicebebolivia.com\/blog\/convocatoria-internacional\/la-convocatoria-esta-abierta\/#primaryimage"},"thumbnailUrl":"https:\/\/www.bicebebolivia.com\/blog\/wp-content\/uploads\/2018\/09\/02.png","articleSection":["Convocatoria Internacional","Jurados","Noticias"],"inLanguage":"es","potentialAction":[{"@type":"CommentAction","name":"Comment","target":["http:\/\/www.bicebebolivia.com\/blog\/convocatoria-internacional\/la-convocatoria-esta-abierta\/#respond"]}]},{"@type":"WebPage","@id":"http:\/\/www.bicebebolivia.com\/blog\/convocatoria-internacional\/la-convocatoria-esta-abierta\/","url":"http:\/\/www.bicebebolivia.com\/blog\/convocatoria-internacional\/la-convocatoria-esta-abierta\/","name":"LA CONVOCATORIA ESTA ABIERTA - BICeB\u00e9 Blog","isPartOf":{"@id":"https:\/\/www.bicebebolivia.com\/blog\/#website"},"primaryImageOfPage":{"@id":"http:\/\/www.bicebebolivia.com\/blog\/convocatoria-internacional\/la-convocatoria-esta-abierta\/#primaryimage"},"image":{"@id":"http:\/\/www.bicebebolivia.com\/blog\/convocatoria-internacional\/la-convocatoria-esta-abierta\/#primaryimage"},"thumbnailUrl":"https:\/\/www.bicebebolivia.com\/blog\/wp-content\/uploads\/2018\/09\/02.png","datePublished":"2018-09-10T15:08:56+00:00","author":{"@id":"https:\/\/www.bicebebolivia.com\/blog\/#\/schema\/person\/26ad6d9a9ae3f5b7dcc077474d935c36"},"breadcrumb":{"@id":"http:\/\/www.bicebebolivia.com\/blog\/convocatoria-internacional\/la-convocatoria-esta-abierta\/#breadcrumb"},"inLanguage":"es","potentialAction":[{"@type":"ReadAction","target":["http:\/\/www.bicebebolivia.com\/blog\/convocatoria-internacional\/la-convocatoria-esta-abierta\/"]}]},{"@type":"ImageObject","inLanguage":"es","@id":"http:\/\/www.bicebebolivia.com\/blog\/convocatoria-internacional\/la-convocatoria-esta-abierta\/#primaryimage","url":"https:\/\/www.bicebebolivia.com\/blog\/wp-content\/uploads\/2018\/09\/02.png","contentUrl":"https:\/\/www.bicebebolivia.com\/blog\/wp-content\/uploads\/2018\/09\/02.png","width":1200,"height":800},{"@type":"BreadcrumbList","@id":"http:\/\/www.bicebebolivia.com\/blog\/convocatoria-internacional\/la-convocatoria-esta-abierta\/#breadcrumb","itemListElement":[{"@type":"ListItem","position":1,"name":"Portada","item":"https:\/\/www.bicebebolivia.com\/blog\/"},{"@type":"ListItem","position":2,"name":"LA CONVOCATORIA ESTA ABIERTA"}]},{"@type":"WebSite","@id":"https:\/\/www.bicebebolivia.com\/blog\/#website","url":"https:\/\/www.bicebebolivia.com\/blog\/","name":"BICeB\u00e9 Blog","description":"Bienal del Cartel Bolivia 2021","potentialAction":[{"@type":"SearchAction","target":{"@type":"EntryPoint","urlTemplate":"https:\/\/www.bicebebolivia.com\/blog\/?s={search_term_string}"},"query-input":{"@type":"PropertyValueSpecification","valueRequired":true,"valueName":"search_term_string"}}],"inLanguage":"es"},{"@type":"Person","@id":"https:\/\/www.bicebebolivia.com\/blog\/#\/schema\/person\/26ad6d9a9ae3f5b7dcc077474d935c36","name":"Bienal del Cartel Bolivia BICeB\u00e9","image":{"@type":"ImageObject","inLanguage":"es","@id":"https:\/\/secure.gravatar.com\/avatar\/7a4b5272639cc73d859204e94c716e9d0dc61543d7f9a64cca5162eb3a30fabb?s=96&d=mm&r=g","url":"https:\/\/secure.gravatar.com\/avatar\/7a4b5272639cc73d859204e94c716e9d0dc61543d7f9a64cca5162eb3a30fabb?s=96&d=mm&r=g","contentUrl":"https:\/\/secure.gravatar.com\/avatar\/7a4b5272639cc73d859204e94c716e9d0dc61543d7f9a64cca5162eb3a30fabb?s=96&d=mm&r=g","caption":"Bienal del Cartel Bolivia BICeB\u00e9"},"url":"https:\/\/www.bicebebolivia.com\/blog\/author\/bicebe_usser\/"}]}},"_links":{"self":[{"href":"https:\/\/www.bicebebolivia.com\/blog\/wp-json\/wp\/v2\/posts\/313","targetHints":{"allow":["GET"]}}],"collection":[{"href":"https:\/\/www.bicebebolivia.com\/blog\/wp-json\/wp\/v2\/posts"}],"about":[{"href":"https:\/\/www.bicebebolivia.com\/blog\/wp-json\/wp\/v2\/types\/post"}],"author":[{"embeddable":true,"href":"https:\/\/www.bicebebolivia.com\/blog\/wp-json\/wp\/v2\/users\/2"}],"replies":[{"embeddable":true,"href":"https:\/\/www.bicebebolivia.com\/blog\/wp-json\/wp\/v2\/comments?post=313"}],"version-history":[{"count":2,"href":"https:\/\/www.bicebebolivia.com\/blog\/wp-json\/wp\/v2\/posts\/313\/revisions"}],"predecessor-version":[{"id":316,"href":"https:\/\/www.bicebebolivia.com\/blog\/wp-json\/wp\/v2\/posts\/313\/revisions\/316"}],"wp:featuredmedia":[{"embeddable":true,"href":"https:\/\/www.bicebebolivia.com\/blog\/wp-json\/wp\/v2\/media\/314"}],"wp:attachment":[{"href":"https:\/\/www.bicebebolivia.com\/blog\/wp-json\/wp\/v2\/media?parent=313"}],"wp:term":[{"taxonomy":"category","embeddable":true,"href":"https:\/\/www.bicebebolivia.com\/blog\/wp-json\/wp\/v2\/categories?post=313"},{"taxonomy":"post_tag","embeddable":true,"href":"https:\/\/www.bicebebolivia.com\/blog\/wp-json\/wp\/v2\/tags?post=313"}],"curies":[{"name":"wp","href":"https:\/\/api.w.org\/{rel}","templated":true}]}}