{"id":342,"date":"2020-06-05T08:44:10","date_gmt":"2020-06-05T12:44:10","guid":{"rendered":"http:\/\/www.bicebebolivia.com\/blog\/?p=342"},"modified":"2020-06-05T17:36:48","modified_gmt":"2020-06-05T21:36:48","slug":"los-ganadores-de-la-bicebe-2019","status":"publish","type":"post","link":"https:\/\/www.bicebebolivia.com\/blog\/sin-categoria\/los-ganadores-de-la-bicebe-2019\/","title":{"rendered":"El trabajo detr\u00e1s de los ganadores de la BICeB\u00e9 2019"},"content":{"rendered":"\n<p><\/p>\n\n\n\n<p><em>(Espa\u00f1ol \/ English)<\/em><\/p>\n\n\n\n<blockquote class=\"wp-block-quote is-layout-flow wp-block-quote-is-layout-flow\"><p>\u201cJuntarse es un comienzo, seguir juntos es un progreso y trabajar juntos es un \u00e9xito\u201d<\/p><cite>\u2014Henry Ford.<\/cite><\/blockquote>\n\n\n\n<p><\/p>\n\n\n\n<p>La <strong>Bienal del Cartel Bolivia BICeB\u00e9<\/strong> presenta los 19 carteles ganadores de su Convocatoria Internacional de Carteles 2019.<br><br>Los ganadores fueron elegidos entre 340 carteles seleccionados que formar\u00e1n parte de la exhibici\u00f3n principal. <\/p>\n\n\n\n<p>Las bienales del cartel en el mundo establecen un par\u00e1metro de jura presencial que dif\u00edcilmente puede ser pensada y reemplazada por una jura virtual. Sin embargo, para que las condiciones ideales se den se necesitan de tres factores, la capacidad y el profesionalismo de los jurados, la voluntad de generar una jura rigurosa donde se discutan las decisiones y finalmente un distanciamiento social mundial, el cual ha sido el catalizador de soluciones y escenarios \u00fanicos de los cuales nos sentimos plenamente orgullosos.<\/p>\n\n\n\n<p>Se han recibido <strong>10.763 carteles de 87 pa\u00edses<\/strong> del mundo y hoy el mundo del dise\u00f1o tiene la presentaci\u00f3n de los resultados.<br><br><strong>Este proceso ha sido un verdadero reto y hoy nos sentimos capaces de todo. Ha tomado algo m\u00e1s de tres meses en compilar informaci\u00f3n en tres etapas donde nuestros jurados iniciaron el proceso. Se intercambiaron puntos de vista permanentemente y al momento de la definici\u00f3n, se unieron las voluntades de los jurados en siete largas horas de trabajo ininterrumpido con cinco diferentes usos horarios.<\/strong><br><br>Los jurados debatieron y analizaron cada pieza desde los puntos de vista propios y comunes. Las decisiones consensuadas de manera un\u00e1nime, nos dejaron a todos quienes vivimos ese proceso, una gran alegr\u00eda que reafirma que podemos responder a los desaf\u00edos de manera innovadora y responsable.<br><br>Por eso antes de felicitar a todos los ganadores la Bienal del Cartel Bolivia BICeB\u00e9 quiere decir:<\/p>\n\n\n\n<p class=\"has-text-align-center\">\u00a1Gracias Kiko!<br>\u00a1Gracias Rikke!<br>\u00a1Gracias Mehdi!<br>\u00a1Gracias Malika!<br>\u00a1Gracias Art!<br>\u00a1Gracias Cynthia!<br>\u00a1Gracias Fidel<br>\u00a1Gracias Joanna!<br>\u00a1Gracias Daisuke!<\/p>\n\n\n\n<p>Por el tiempo que dieron, el desvelo y la entrega de la \u00faltima etapa en la que fuimos testigos de c\u00f3mo transitamos de la noche al d\u00eda en la ventana de Daisuke y vimos amanecer Tokyo, casi sin darnos cuenta.<\/p>\n\n\n\n<figure class=\"wp-block-gallery columns-1 is-cropped wp-block-gallery-1 is-layout-flex wp-block-gallery-is-layout-flex\"><ul class=\"blocks-gallery-grid\"><li class=\"blocks-gallery-item\"><figure><img loading=\"lazy\" decoding=\"async\" width=\"1000\" height=\"1024\" src=\"http:\/\/www.bicebebolivia.com\/blog\/wp-content\/uploads\/2020\/06\/JURADOS-1-1000x1024.jpg\" alt=\"\" data-id=\"349\" data-full-url=\"http:\/\/www.bicebebolivia.com\/blog\/wp-content\/uploads\/2020\/06\/JURADOS-1-scaled.jpg\" data-link=\"http:\/\/www.bicebebolivia.com\/blog\/?attachment_id=349\" class=\"wp-image-349\" srcset=\"https:\/\/www.bicebebolivia.com\/blog\/wp-content\/uploads\/2020\/06\/JURADOS-1-1000x1024.jpg 1000w, https:\/\/www.bicebebolivia.com\/blog\/wp-content\/uploads\/2020\/06\/JURADOS-1-293x300.jpg 293w, https:\/\/www.bicebebolivia.com\/blog\/wp-content\/uploads\/2020\/06\/JURADOS-1-768x786.jpg 768w, https:\/\/www.bicebebolivia.com\/blog\/wp-content\/uploads\/2020\/06\/JURADOS-1-1500x1536.jpg 1500w, https:\/\/www.bicebebolivia.com\/blog\/wp-content\/uploads\/2020\/06\/JURADOS-1-2001x2048.jpg 2001w\" sizes=\"auto, (max-width: 1000px) 100vw, 1000px\" \/><\/figure><\/li><\/ul><\/figure>\n\n\n\n<p>Es tiempo de reconocer a todos los dise\u00f1adores que estuvieron esperando por un resultado. <strong>FELICIDADES A TODOS LOS GANADORES<\/strong>.<br>Ver los carteles <a href=\"http:\/\/www.bicebebolivia.com\/ganadores\">aqu\u00ed<\/a><\/p>\n\n\n\n<p><strong>CATEGORIA A. Cartel Cultural<\/strong><\/p>\n\n\n\n<p>PRIMER LUGAR: Dmitry Rekin. Rusia<br>\u201cTeatro Frame\u201d <\/p>\n\n\n\n<p>SEGUNDO LUGAR: Ryszard Kaja \u2020. Polonia<br>\u201cVivir para contarla\u201d <\/p>\n\n\n\n<p>TERCER LUGAR: Ralph Burkhard. Alemania<br>\u201cTinta\u201d <\/p>\n\n\n\n<p>PRIMERA MENCI\u00d3N: Takahiro Eto. Jap\u00f3n<br>\u201cEntre si\u0301mbolos e ilustraciones 2\u201d<\/p>\n\n\n\n<p>SEGUNDA MENCI\u00d3N: Jisuke Matsuda. Jap\u00f3n<br>\u201cSuen\u0303o de una noche de verano\u201d <\/p>\n\n\n\n<p><strong>CATEGORIA B. Cartel Social<\/strong><\/p>\n\n\n\n<p>PRIMER LUGAR: Jarek Bujny. Polonia\u201c<br>\u201cBuscando amor \u201d<\/p>\n\n\n\n<p>SEGUNDO LUGAR:  Scott Laserow. Estados Unidos<br>\u201cEde\u0301n\u201d<\/p>\n\n\n\n<p>TERCER LUGAR: Alain LeQuernec. Francia<br>\u201cAme\u0301rica primero\u201d<\/p>\n\n\n\n<p><strong>CATEGORIA C. Cartel Publicitario<\/strong><\/p>\n\n\n\n<p>PRIMER LUGAR: Daniel Wiesmann. Alemania<br>\u201cFestival del cafe\u0301 de Berli\u0301n 18\u201d <\/p>\n\n\n\n<p>SEGUNDO LUGAR: Chao Zhao. China<br>\u201cHeshi productos de papel\u201d<\/p>\n\n\n\n<p>TERCER LUGAR: Xavier Mauricio Arandia VIdaurre. Bolivia<br>\u201cCocandina. La verdadera esencia boliviana\u201d<\/p>\n\n\n\n<p><strong>CATEGORIA D. Cartel In\u00e9dito. La era de la desinformaci\u00f3n.<\/strong><\/p>\n\n\n\n<p>PRIMER LUGAR:  Malgorzata Bedowska. Polonia<br>\u201cNoticias\u201d <\/p>\n\n\n\n<p>SEGUNDO LUGAR: Robert Young. Canad\u00e1<br>\u201cYo esclavo\u201d<\/p>\n\n\n\n<p>TERCER LUGAR: Lex Drewinski. Alemania<br>\u201cNoticias falsas\u201d<\/p>\n\n\n\n<p><strong>CATEGORIA E. Cartel GIF In\u00e9dito. Empoderamiento de la mujer<\/strong><\/p>\n\n\n\n<p>PRIMER LUGAR: Pablo Mat\u00edas Guti\u00e9rrez y Fabiana Fiori. Argentina<br>\u201cUn mismo latido\u201d<\/p>\n\n\n\n<p>SEGUNDO LUGAR: Dominika Czerniak-Chojnacka. Polonia<br>\u201cEmpoderamiento de las mujeres\u201d <\/p>\n\n\n\n<p>TERCER LUGAR: Ceren Harova. Turqu\u00eda<br>\u201cM\u00e1s Fuertes juntos\u201d<\/p>\n\n\n\n<p><strong>MEJOR CARTEL BOLIVIANO TODAS LAS CATEGOR\u00cdAS<\/strong><\/p>\n\n\n\n<p>Marco T\u00f3xico. La Paz &#8211; Bolivia<br>\u201cRodolfo Laruta\u201d<\/p>\n\n\n\n<p><strong>MEJOR CARTEL BOLIVIANO CATEGOR\u00cdA D<\/strong><\/p>\n\n\n\n<p>Vinicio Sejas. Cochabamba- Bolivia<br>\u201cAl asecho\u201d<\/p>\n\n\n\n<figure class=\"wp-block-gallery columns-1 is-cropped wp-block-gallery-2 is-layout-flex wp-block-gallery-is-layout-flex\"><ul class=\"blocks-gallery-grid\"><li class=\"blocks-gallery-item\"><figure><img loading=\"lazy\" decoding=\"async\" width=\"1024\" height=\"683\" src=\"http:\/\/www.bicebebolivia.com\/blog\/wp-content\/uploads\/2020\/06\/BOLIVIANOS-PREMIADOS-1024x683.jpg\" alt=\"\" data-id=\"345\" data-full-url=\"http:\/\/www.bicebebolivia.com\/blog\/wp-content\/uploads\/2020\/06\/BOLIVIANOS-PREMIADOS-scaled.jpg\" data-link=\"http:\/\/www.bicebebolivia.com\/blog\/?attachment_id=345\" class=\"wp-image-345\" srcset=\"https:\/\/www.bicebebolivia.com\/blog\/wp-content\/uploads\/2020\/06\/BOLIVIANOS-PREMIADOS-1024x683.jpg 1024w, https:\/\/www.bicebebolivia.com\/blog\/wp-content\/uploads\/2020\/06\/BOLIVIANOS-PREMIADOS-300x200.jpg 300w, https:\/\/www.bicebebolivia.com\/blog\/wp-content\/uploads\/2020\/06\/BOLIVIANOS-PREMIADOS-768x512.jpg 768w, https:\/\/www.bicebebolivia.com\/blog\/wp-content\/uploads\/2020\/06\/BOLIVIANOS-PREMIADOS-1536x1024.jpg 1536w, https:\/\/www.bicebebolivia.com\/blog\/wp-content\/uploads\/2020\/06\/BOLIVIANOS-PREMIADOS-2048x1365.jpg 2048w\" sizes=\"auto, (max-width: 1024px) 100vw, 1024px\" \/><\/figure><\/li><\/ul><\/figure>\n\n\n\n<hr class=\"wp-block-separator is-style-wide\"\/>\n\n\n\n<h2 class=\"wp-block-heading\">The work behind the w<strong>inners of the BICeB\u00e9 2019<\/strong><\/h2>\n\n\n\n<blockquote class=\"wp-block-quote is-layout-flow wp-block-quote-is-layout-flow\"><p>Getting together is the beginning, staying together is progress, and working together is a success.\u00bb<\/p><cite>\u2014 Henry Ford<\/cite><\/blockquote>\n\n\n\n<p><br>The <strong>BICeBe Bolivia Poster Biennial<\/strong> presents the 10 winning posters of its 2019 International Poster Call.<\/p>\n\n\n\n<p>Winners were chosen from 340 selected posters, which will constitute our main exhibition.<\/p>\n\n\n\n<p>The Biennials of poster around the world institute a parameter of face-to-face swearing that can hardly be thought of and replaced by a virtual swearing-in. However, for the ideal conditions to exist, three factors are needed: the capacity and professionalism of the juries, the will to generate a rigorous oath where decisions are discussed and, finally, a global social distancing that acts as a catalyst for unprecedented demands and scenarios of which we are completely proud.<\/p>\n\n\n\n<p>We received <strong>10,763 posters from 87 countries<\/strong> around the world, and today the design world can receive the results.<\/p>\n\n\n\n<p><strong>This<\/strong> <strong>process has been a real challenge for us, and today we feel capable of everything. It took a little over three months to compile information in three stages where our juries started the process. Points of view were permanently exchanged and in the final decision moments, the opinions of the juries were consolidated during seven long hours of uninterrupted work across five different time zones.<\/strong><\/p>\n\n\n\n<p>The juries debated and analyzed each piece from their own and common points of view. The decisions were unanimously agreed upon and left all of us who lived through the process a great joy, reaffirming that we can respond to hurdles, both innovatively and responsibly.<\/p>\n\n\n\n<p>So before congratulating all the winners of the BICeB\u00e9 Bolivia Poster Biennial, it means:<\/p>\n\n\n\n<p class=\"has-text-align-center\">Thanks, Kiko!<br>Thanks, Rikke!<br>Thanks, Mehdi!<br>Thanks, Malika!<br>Thanks, Art!<br>Thanks, Cynthia!<br>Thanks, Fidel<br>Thanks, Joanna!<br>Thanks, Daisuke! <\/p>\n\n\n\n<p>For the time they gave, the sleeplessness and commitment in the last stage where we witnessed how it went from night to day in Daisuke&#8217;s window and saw the dawn in Tokyo, almost without realizing it.<\/p>\n\n\n\n<p>It is time to recognize all the designers who are waiting for the result. <strong>CONGRATULATIONS TO ALL THE WINNERS.<\/strong> Browse all the posters <a href=\"http:\/\/www.bicebebolivia.com\/ganadores\">here<\/a><\/p>\n\n\n\n<hr class=\"wp-block-separator is-style-dots\"\/>\n\n\n\n<p><strong>www.bicebebolivia.com<\/strong><\/p>\n","protected":false},"excerpt":{"rendered":"<p>(Espa\u00f1ol \/ English) \u201cJuntarse es un comienzo, seguir juntos es un progreso y trabajar juntos es un \u00e9xito\u201d \u2014Henry Ford. La Bienal del Cartel Bolivia BICeB\u00e9 presenta los 19 carteles ganadores de su Convocatoria Internacional de Carteles 2019. Los ganadores fueron elegidos entre 340 carteles seleccionados que formar\u00e1n parte de la exhibici\u00f3n principal. Las bienales &hellip; <a href=\"https:\/\/www.bicebebolivia.com\/blog\/sin-categoria\/los-ganadores-de-la-bicebe-2019\/\" class=\"more-link\">Sigue leyendo <span class=\"screen-reader-text\">El trabajo detr\u00e1s de los ganadores de la BICeB\u00e9 2019<\/span><\/a><\/p>\n","protected":false},"author":2,"featured_media":343,"comment_status":"open","ping_status":"open","sticky":false,"template":"","format":"standard","meta":{"footnotes":""},"categories":[1],"tags":[56,57,59,58],"class_list":["post-342","post","type-post","status-publish","format-standard","has-post-thumbnail","hentry","category-sin-categoria","tag-bicebe-2019","tag-ganadores","tag-jury-process","tag-winners"],"yoast_head":"<!-- This site is optimized with the Yoast SEO plugin v27.4 - https:\/\/yoast.com\/product\/yoast-seo-wordpress\/ -->\n<title>El trabajo detr\u00e1s de los ganadores de la BICeB\u00e9 2019 - BICeB\u00e9 Blog<\/title>\n<meta name=\"robots\" content=\"index, follow, max-snippet:-1, max-image-preview:large, max-video-preview:-1\" \/>\n<link rel=\"canonical\" href=\"http:\/\/www.bicebebolivia.com\/blog\/sin-categoria\/los-ganadores-de-la-bicebe-2019\/\" \/>\n<meta property=\"og:locale\" content=\"es_ES\" \/>\n<meta property=\"og:type\" content=\"article\" \/>\n<meta property=\"og:title\" content=\"El trabajo detr\u00e1s de los ganadores de la BICeB\u00e9 2019 - BICeB\u00e9 Blog\" \/>\n<meta property=\"og:description\" content=\"(Espa\u00f1ol \/ English) \u201cJuntarse es un comienzo, seguir juntos es un progreso y trabajar juntos es un \u00e9xito\u201d \u2014Henry Ford. La Bienal del Cartel Bolivia BICeB\u00e9 presenta los 19 carteles ganadores de su Convocatoria Internacional de Carteles 2019. Los ganadores fueron elegidos entre 340 carteles seleccionados que formar\u00e1n parte de la exhibici\u00f3n principal. Las bienales &hellip; Sigue leyendo El trabajo detr\u00e1s de los ganadores de la BICeB\u00e9 2019\" \/>\n<meta property=\"og:url\" content=\"http:\/\/www.bicebebolivia.com\/blog\/sin-categoria\/los-ganadores-de-la-bicebe-2019\/\" \/>\n<meta property=\"og:site_name\" content=\"BICeB\u00e9 Blog\" \/>\n<meta property=\"article:publisher\" content=\"https:\/\/www.facebook.com\/BICeBe\" \/>\n<meta property=\"article:published_time\" content=\"2020-06-05T12:44:10+00:00\" \/>\n<meta property=\"article:modified_time\" content=\"2020-06-05T21:36:48+00:00\" \/>\n<meta property=\"og:image\" content=\"https:\/\/www.bicebebolivia.com\/blog\/wp-content\/uploads\/2020\/06\/GANADORES-D-A-B-Y-C-scaled.jpg\" \/>\n\t<meta property=\"og:image:width\" content=\"2560\" \/>\n\t<meta property=\"og:image:height\" content=\"1707\" \/>\n\t<meta property=\"og:image:type\" content=\"image\/jpeg\" \/>\n<meta name=\"author\" content=\"Bienal del Cartel Bolivia BICeB\u00e9\" \/>\n<meta name=\"twitter:label1\" content=\"Escrito por\" \/>\n\t<meta name=\"twitter:data1\" content=\"Bienal del Cartel Bolivia BICeB\u00e9\" \/>\n\t<meta name=\"twitter:label2\" content=\"Tiempo de lectura\" \/>\n\t<meta name=\"twitter:data2\" content=\"5 minutos\" \/>\n<script type=\"application\/ld+json\" class=\"yoast-schema-graph\">{\"@context\":\"https:\\\/\\\/schema.org\",\"@graph\":[{\"@type\":\"Article\",\"@id\":\"http:\\\/\\\/www.bicebebolivia.com\\\/blog\\\/sin-categoria\\\/los-ganadores-de-la-bicebe-2019\\\/#article\",\"isPartOf\":{\"@id\":\"http:\\\/\\\/www.bicebebolivia.com\\\/blog\\\/sin-categoria\\\/los-ganadores-de-la-bicebe-2019\\\/\"},\"author\":{\"name\":\"Bienal del Cartel Bolivia BICeB\u00e9\",\"@id\":\"https:\\\/\\\/www.bicebebolivia.com\\\/blog\\\/#\\\/schema\\\/person\\\/26ad6d9a9ae3f5b7dcc077474d935c36\"},\"headline\":\"El trabajo detr\u00e1s de los ganadores de la BICeB\u00e9 2019\",\"datePublished\":\"2020-06-05T12:44:10+00:00\",\"dateModified\":\"2020-06-05T21:36:48+00:00\",\"mainEntityOfPage\":{\"@id\":\"http:\\\/\\\/www.bicebebolivia.com\\\/blog\\\/sin-categoria\\\/los-ganadores-de-la-bicebe-2019\\\/\"},\"wordCount\":950,\"commentCount\":0,\"image\":{\"@id\":\"http:\\\/\\\/www.bicebebolivia.com\\\/blog\\\/sin-categoria\\\/los-ganadores-de-la-bicebe-2019\\\/#primaryimage\"},\"thumbnailUrl\":\"https:\\\/\\\/www.bicebebolivia.com\\\/blog\\\/wp-content\\\/uploads\\\/2020\\\/06\\\/GANADORES-D-A-B-Y-C-scaled.jpg\",\"keywords\":[\"bicebe 2019\",\"ganadores\",\"jury process\",\"winners\"],\"articleSection\":[\"Noticias\"],\"inLanguage\":\"es\",\"potentialAction\":[{\"@type\":\"CommentAction\",\"name\":\"Comment\",\"target\":[\"http:\\\/\\\/www.bicebebolivia.com\\\/blog\\\/sin-categoria\\\/los-ganadores-de-la-bicebe-2019\\\/#respond\"]}]},{\"@type\":\"WebPage\",\"@id\":\"http:\\\/\\\/www.bicebebolivia.com\\\/blog\\\/sin-categoria\\\/los-ganadores-de-la-bicebe-2019\\\/\",\"url\":\"http:\\\/\\\/www.bicebebolivia.com\\\/blog\\\/sin-categoria\\\/los-ganadores-de-la-bicebe-2019\\\/\",\"name\":\"El trabajo detr\u00e1s de los ganadores de la BICeB\u00e9 2019 - BICeB\u00e9 Blog\",\"isPartOf\":{\"@id\":\"https:\\\/\\\/www.bicebebolivia.com\\\/blog\\\/#website\"},\"primaryImageOfPage\":{\"@id\":\"http:\\\/\\\/www.bicebebolivia.com\\\/blog\\\/sin-categoria\\\/los-ganadores-de-la-bicebe-2019\\\/#primaryimage\"},\"image\":{\"@id\":\"http:\\\/\\\/www.bicebebolivia.com\\\/blog\\\/sin-categoria\\\/los-ganadores-de-la-bicebe-2019\\\/#primaryimage\"},\"thumbnailUrl\":\"https:\\\/\\\/www.bicebebolivia.com\\\/blog\\\/wp-content\\\/uploads\\\/2020\\\/06\\\/GANADORES-D-A-B-Y-C-scaled.jpg\",\"datePublished\":\"2020-06-05T12:44:10+00:00\",\"dateModified\":\"2020-06-05T21:36:48+00:00\",\"author\":{\"@id\":\"https:\\\/\\\/www.bicebebolivia.com\\\/blog\\\/#\\\/schema\\\/person\\\/26ad6d9a9ae3f5b7dcc077474d935c36\"},\"breadcrumb\":{\"@id\":\"http:\\\/\\\/www.bicebebolivia.com\\\/blog\\\/sin-categoria\\\/los-ganadores-de-la-bicebe-2019\\\/#breadcrumb\"},\"inLanguage\":\"es\",\"potentialAction\":[{\"@type\":\"ReadAction\",\"target\":[\"http:\\\/\\\/www.bicebebolivia.com\\\/blog\\\/sin-categoria\\\/los-ganadores-de-la-bicebe-2019\\\/\"]}]},{\"@type\":\"ImageObject\",\"inLanguage\":\"es\",\"@id\":\"http:\\\/\\\/www.bicebebolivia.com\\\/blog\\\/sin-categoria\\\/los-ganadores-de-la-bicebe-2019\\\/#primaryimage\",\"url\":\"https:\\\/\\\/www.bicebebolivia.com\\\/blog\\\/wp-content\\\/uploads\\\/2020\\\/06\\\/GANADORES-D-A-B-Y-C-scaled.jpg\",\"contentUrl\":\"https:\\\/\\\/www.bicebebolivia.com\\\/blog\\\/wp-content\\\/uploads\\\/2020\\\/06\\\/GANADORES-D-A-B-Y-C-scaled.jpg\",\"width\":2560,\"height\":1707},{\"@type\":\"BreadcrumbList\",\"@id\":\"http:\\\/\\\/www.bicebebolivia.com\\\/blog\\\/sin-categoria\\\/los-ganadores-de-la-bicebe-2019\\\/#breadcrumb\",\"itemListElement\":[{\"@type\":\"ListItem\",\"position\":1,\"name\":\"Portada\",\"item\":\"https:\\\/\\\/www.bicebebolivia.com\\\/blog\\\/\"},{\"@type\":\"ListItem\",\"position\":2,\"name\":\"El trabajo detr\u00e1s de los ganadores de la BICeB\u00e9 2019\"}]},{\"@type\":\"WebSite\",\"@id\":\"https:\\\/\\\/www.bicebebolivia.com\\\/blog\\\/#website\",\"url\":\"https:\\\/\\\/www.bicebebolivia.com\\\/blog\\\/\",\"name\":\"BICeB\u00e9 Blog\",\"description\":\"Bienal del Cartel Bolivia 2021\",\"potentialAction\":[{\"@type\":\"SearchAction\",\"target\":{\"@type\":\"EntryPoint\",\"urlTemplate\":\"https:\\\/\\\/www.bicebebolivia.com\\\/blog\\\/?s={search_term_string}\"},\"query-input\":{\"@type\":\"PropertyValueSpecification\",\"valueRequired\":true,\"valueName\":\"search_term_string\"}}],\"inLanguage\":\"es\"},{\"@type\":\"Person\",\"@id\":\"https:\\\/\\\/www.bicebebolivia.com\\\/blog\\\/#\\\/schema\\\/person\\\/26ad6d9a9ae3f5b7dcc077474d935c36\",\"name\":\"Bienal del Cartel Bolivia BICeB\u00e9\",\"image\":{\"@type\":\"ImageObject\",\"inLanguage\":\"es\",\"@id\":\"https:\\\/\\\/secure.gravatar.com\\\/avatar\\\/7a4b5272639cc73d859204e94c716e9d0dc61543d7f9a64cca5162eb3a30fabb?s=96&d=mm&r=g\",\"url\":\"https:\\\/\\\/secure.gravatar.com\\\/avatar\\\/7a4b5272639cc73d859204e94c716e9d0dc61543d7f9a64cca5162eb3a30fabb?s=96&d=mm&r=g\",\"contentUrl\":\"https:\\\/\\\/secure.gravatar.com\\\/avatar\\\/7a4b5272639cc73d859204e94c716e9d0dc61543d7f9a64cca5162eb3a30fabb?s=96&d=mm&r=g\",\"caption\":\"Bienal del Cartel Bolivia BICeB\u00e9\"},\"url\":\"https:\\\/\\\/www.bicebebolivia.com\\\/blog\\\/author\\\/bicebe_usser\\\/\"}]}<\/script>\n<!-- \/ Yoast SEO plugin. -->","yoast_head_json":{"title":"El trabajo detr\u00e1s de los ganadores de la BICeB\u00e9 2019 - BICeB\u00e9 Blog","robots":{"index":"index","follow":"follow","max-snippet":"max-snippet:-1","max-image-preview":"max-image-preview:large","max-video-preview":"max-video-preview:-1"},"canonical":"http:\/\/www.bicebebolivia.com\/blog\/sin-categoria\/los-ganadores-de-la-bicebe-2019\/","og_locale":"es_ES","og_type":"article","og_title":"El trabajo detr\u00e1s de los ganadores de la BICeB\u00e9 2019 - BICeB\u00e9 Blog","og_description":"(Espa\u00f1ol \/ English) \u201cJuntarse es un comienzo, seguir juntos es un progreso y trabajar juntos es un \u00e9xito\u201d \u2014Henry Ford. La Bienal del Cartel Bolivia BICeB\u00e9 presenta los 19 carteles ganadores de su Convocatoria Internacional de Carteles 2019. Los ganadores fueron elegidos entre 340 carteles seleccionados que formar\u00e1n parte de la exhibici\u00f3n principal. Las bienales &hellip; Sigue leyendo El trabajo detr\u00e1s de los ganadores de la BICeB\u00e9 2019","og_url":"http:\/\/www.bicebebolivia.com\/blog\/sin-categoria\/los-ganadores-de-la-bicebe-2019\/","og_site_name":"BICeB\u00e9 Blog","article_publisher":"https:\/\/www.facebook.com\/BICeBe","article_published_time":"2020-06-05T12:44:10+00:00","article_modified_time":"2020-06-05T21:36:48+00:00","og_image":[{"width":2560,"height":1707,"url":"https:\/\/www.bicebebolivia.com\/blog\/wp-content\/uploads\/2020\/06\/GANADORES-D-A-B-Y-C-scaled.jpg","type":"image\/jpeg"}],"author":"Bienal del Cartel Bolivia BICeB\u00e9","twitter_misc":{"Escrito por":"Bienal del Cartel Bolivia BICeB\u00e9","Tiempo de lectura":"5 minutos"},"schema":{"@context":"https:\/\/schema.org","@graph":[{"@type":"Article","@id":"http:\/\/www.bicebebolivia.com\/blog\/sin-categoria\/los-ganadores-de-la-bicebe-2019\/#article","isPartOf":{"@id":"http:\/\/www.bicebebolivia.com\/blog\/sin-categoria\/los-ganadores-de-la-bicebe-2019\/"},"author":{"name":"Bienal del Cartel Bolivia BICeB\u00e9","@id":"https:\/\/www.bicebebolivia.com\/blog\/#\/schema\/person\/26ad6d9a9ae3f5b7dcc077474d935c36"},"headline":"El trabajo detr\u00e1s de los ganadores de la BICeB\u00e9 2019","datePublished":"2020-06-05T12:44:10+00:00","dateModified":"2020-06-05T21:36:48+00:00","mainEntityOfPage":{"@id":"http:\/\/www.bicebebolivia.com\/blog\/sin-categoria\/los-ganadores-de-la-bicebe-2019\/"},"wordCount":950,"commentCount":0,"image":{"@id":"http:\/\/www.bicebebolivia.com\/blog\/sin-categoria\/los-ganadores-de-la-bicebe-2019\/#primaryimage"},"thumbnailUrl":"https:\/\/www.bicebebolivia.com\/blog\/wp-content\/uploads\/2020\/06\/GANADORES-D-A-B-Y-C-scaled.jpg","keywords":["bicebe 2019","ganadores","jury process","winners"],"articleSection":["Noticias"],"inLanguage":"es","potentialAction":[{"@type":"CommentAction","name":"Comment","target":["http:\/\/www.bicebebolivia.com\/blog\/sin-categoria\/los-ganadores-de-la-bicebe-2019\/#respond"]}]},{"@type":"WebPage","@id":"http:\/\/www.bicebebolivia.com\/blog\/sin-categoria\/los-ganadores-de-la-bicebe-2019\/","url":"http:\/\/www.bicebebolivia.com\/blog\/sin-categoria\/los-ganadores-de-la-bicebe-2019\/","name":"El trabajo detr\u00e1s de los ganadores de la BICeB\u00e9 2019 - BICeB\u00e9 Blog","isPartOf":{"@id":"https:\/\/www.bicebebolivia.com\/blog\/#website"},"primaryImageOfPage":{"@id":"http:\/\/www.bicebebolivia.com\/blog\/sin-categoria\/los-ganadores-de-la-bicebe-2019\/#primaryimage"},"image":{"@id":"http:\/\/www.bicebebolivia.com\/blog\/sin-categoria\/los-ganadores-de-la-bicebe-2019\/#primaryimage"},"thumbnailUrl":"https:\/\/www.bicebebolivia.com\/blog\/wp-content\/uploads\/2020\/06\/GANADORES-D-A-B-Y-C-scaled.jpg","datePublished":"2020-06-05T12:44:10+00:00","dateModified":"2020-06-05T21:36:48+00:00","author":{"@id":"https:\/\/www.bicebebolivia.com\/blog\/#\/schema\/person\/26ad6d9a9ae3f5b7dcc077474d935c36"},"breadcrumb":{"@id":"http:\/\/www.bicebebolivia.com\/blog\/sin-categoria\/los-ganadores-de-la-bicebe-2019\/#breadcrumb"},"inLanguage":"es","potentialAction":[{"@type":"ReadAction","target":["http:\/\/www.bicebebolivia.com\/blog\/sin-categoria\/los-ganadores-de-la-bicebe-2019\/"]}]},{"@type":"ImageObject","inLanguage":"es","@id":"http:\/\/www.bicebebolivia.com\/blog\/sin-categoria\/los-ganadores-de-la-bicebe-2019\/#primaryimage","url":"https:\/\/www.bicebebolivia.com\/blog\/wp-content\/uploads\/2020\/06\/GANADORES-D-A-B-Y-C-scaled.jpg","contentUrl":"https:\/\/www.bicebebolivia.com\/blog\/wp-content\/uploads\/2020\/06\/GANADORES-D-A-B-Y-C-scaled.jpg","width":2560,"height":1707},{"@type":"BreadcrumbList","@id":"http:\/\/www.bicebebolivia.com\/blog\/sin-categoria\/los-ganadores-de-la-bicebe-2019\/#breadcrumb","itemListElement":[{"@type":"ListItem","position":1,"name":"Portada","item":"https:\/\/www.bicebebolivia.com\/blog\/"},{"@type":"ListItem","position":2,"name":"El trabajo detr\u00e1s de los ganadores de la BICeB\u00e9 2019"}]},{"@type":"WebSite","@id":"https:\/\/www.bicebebolivia.com\/blog\/#website","url":"https:\/\/www.bicebebolivia.com\/blog\/","name":"BICeB\u00e9 Blog","description":"Bienal del Cartel Bolivia 2021","potentialAction":[{"@type":"SearchAction","target":{"@type":"EntryPoint","urlTemplate":"https:\/\/www.bicebebolivia.com\/blog\/?s={search_term_string}"},"query-input":{"@type":"PropertyValueSpecification","valueRequired":true,"valueName":"search_term_string"}}],"inLanguage":"es"},{"@type":"Person","@id":"https:\/\/www.bicebebolivia.com\/blog\/#\/schema\/person\/26ad6d9a9ae3f5b7dcc077474d935c36","name":"Bienal del Cartel Bolivia BICeB\u00e9","image":{"@type":"ImageObject","inLanguage":"es","@id":"https:\/\/secure.gravatar.com\/avatar\/7a4b5272639cc73d859204e94c716e9d0dc61543d7f9a64cca5162eb3a30fabb?s=96&d=mm&r=g","url":"https:\/\/secure.gravatar.com\/avatar\/7a4b5272639cc73d859204e94c716e9d0dc61543d7f9a64cca5162eb3a30fabb?s=96&d=mm&r=g","contentUrl":"https:\/\/secure.gravatar.com\/avatar\/7a4b5272639cc73d859204e94c716e9d0dc61543d7f9a64cca5162eb3a30fabb?s=96&d=mm&r=g","caption":"Bienal del Cartel Bolivia BICeB\u00e9"},"url":"https:\/\/www.bicebebolivia.com\/blog\/author\/bicebe_usser\/"}]}},"_links":{"self":[{"href":"https:\/\/www.bicebebolivia.com\/blog\/wp-json\/wp\/v2\/posts\/342","targetHints":{"allow":["GET"]}}],"collection":[{"href":"https:\/\/www.bicebebolivia.com\/blog\/wp-json\/wp\/v2\/posts"}],"about":[{"href":"https:\/\/www.bicebebolivia.com\/blog\/wp-json\/wp\/v2\/types\/post"}],"author":[{"embeddable":true,"href":"https:\/\/www.bicebebolivia.com\/blog\/wp-json\/wp\/v2\/users\/2"}],"replies":[{"embeddable":true,"href":"https:\/\/www.bicebebolivia.com\/blog\/wp-json\/wp\/v2\/comments?post=342"}],"version-history":[{"count":16,"href":"https:\/\/www.bicebebolivia.com\/blog\/wp-json\/wp\/v2\/posts\/342\/revisions"}],"predecessor-version":[{"id":376,"href":"https:\/\/www.bicebebolivia.com\/blog\/wp-json\/wp\/v2\/posts\/342\/revisions\/376"}],"wp:featuredmedia":[{"embeddable":true,"href":"https:\/\/www.bicebebolivia.com\/blog\/wp-json\/wp\/v2\/media\/343"}],"wp:attachment":[{"href":"https:\/\/www.bicebebolivia.com\/blog\/wp-json\/wp\/v2\/media?parent=342"}],"wp:term":[{"taxonomy":"category","embeddable":true,"href":"https:\/\/www.bicebebolivia.com\/blog\/wp-json\/wp\/v2\/categories?post=342"},{"taxonomy":"post_tag","embeddable":true,"href":"https:\/\/www.bicebebolivia.com\/blog\/wp-json\/wp\/v2\/tags?post=342"}],"curies":[{"name":"wp","href":"https:\/\/api.w.org\/{rel}","templated":true}]}}