{"id":398,"date":"2020-06-15T10:20:39","date_gmt":"2020-06-15T14:20:39","guid":{"rendered":"http:\/\/www.bicebebolivia.com\/blog\/?p=398"},"modified":"2021-09-14T10:20:46","modified_gmt":"2021-09-14T14:20:46","slug":"cidc","status":"publish","type":"post","link":"https:\/\/www.bicebebolivia.com\/blog\/cidc\/cidc\/","title":{"rendered":"Caminamos con la mejor compa\u00f1\u00eda. Consolidamos el Consejo Internacional de Dise\u00f1o del Cartel BICeB\u00e9"},"content":{"rendered":"\n<p>(<em>Espa\u00f1ol | English<\/em><\/p>\n\n\n\n<blockquote class=\"wp-block-quote is-layout-flow wp-block-quote-is-layout-flow\"><p>En m\u00e1s 11 a\u00f1os de vida, la BICeB\u00e9 ha fortalecido sus relaciones en torno al dise\u00f1o y en resultado del desarrollo de la cultura y la econom\u00eda. Nos hemos convertido en un espacio imprescindible que une el desarrollo de las artes visuales bolivianas y latinoamericanas. Sin embargo nunca fue \u00e9ste nuestro \u00fanico objetivo.<\/p><\/blockquote>\n\n\n\n<p><strong>Somos motor creativo<\/strong> y al serlo asumimos una responsabilidad vinculada a todos los profesionales que nos ha seguido y acompa\u00f1ado a trav\u00e9s del tiempo.<\/p>\n\n\n\n<p><strong>Dentro de los diferentes escenarios transitados, donde la Bienal del Cartel Bolivia BICeB\u00e9<\/strong> ha sido considerada y respetada desde su modelo de gesti\u00f3n y crecimiento, mas, no todo ha sido perfecto. Desde Noviembre del 2019 la bienal le ha hecho frente a situaciones impensables. Somos, quiz\u00e1s, la \u00fanica bienal en el mundo que ha sido golpeada en dos ocasiones seguidas por situaciones externas al evento, sin embargo estas situaciones impulsan la creaci\u00f3n de nuevos entornos, retos y proyecciones y nada ha estado m\u00e1s cierto que sentirnos m\u00e1s vivos durante este proceso.<\/p>\n\n\n\n<p><strong>El recurso humano ha sido el m\u00e1s importante en este per\u00edodo. <\/strong>Hemos sido inundados de buenos deseos, comprensi\u00f3n, apoyo y consejos de maestros, dise\u00f1adores y estudiantes de Bolivia y todo el mundo. Todos comparten la misma opini\u00f3n sobre el valor en el trabajo que realizamos y juntos, hemos abierto una puerta en beneficio de todos quienes apoyan y siguen la bienal. Sin duda, somos tremendamente afortunados de transitar este camino con todos ustedes.<\/p>\n\n\n\n<p>La BICeB\u00e9 ha sabido entender desde su inicio que nos debemos a los j\u00f3venes. \u00c9stos han crecido profesionalmente con nosotros y nada ha sido m\u00e1s gratificante que ser testigos de este proceso. Es por esta raz\u00f3n que hemos insistido en generar un espacio de intercambio abierto donde grandes maestros interact\u00faan con j\u00f3venes quienes, en un futuro, dar\u00e1n nuevos rumbos a la profesi\u00f3n y a la bienal misma.<\/p>\n\n\n\n<p>En la tarea y la intenci\u00f3n y voluntad de promover el dise\u00f1o gr\u00e1fico con los m\u00e1s altos est\u00e1ndares se consider\u00f3 hace unos meses atr\u00e1s conformar un nuevo consejo que respete las individualidades, el pensamiento integrador, la \u00e9tica, el valor a la propiedad intelectual y la buena pr\u00e1ctica de la profesi\u00f3n en todas sus disciplinas.<\/p>\n\n\n\n<p>Hoy les presentamos al <strong>Consejo Internacional de Dise\u00f1o del Cartel BICeB\u00e9<\/strong> creado en febrero 2020 y a los miembros fundadores. Esperamos que esta lista de grandes profesionales y amigos, crezca con el tiempo:<\/p>\n\n\n\n<p class=\"has-text-align-center\">Pekka Loiri | Finlandia<br>Lech Majewski | Polonia<br>Serge Serov | Rusia<br>Phil Risbeck | Estados Unidos<br>Peter Mussfeldt | Ecuador<br>John Gravdahl | Estados Unidos<br>Leo Lin | Taiw\u00e1n<br>Niklaus Troxler | Suiza<br>Helmut Langer | Alemania<br>Felipe Taborda | Brasil<br>Gitte Kath | Dinamarca<br>Cedomir Kostovic | Estados Unidos<br>Isidro Ferrer | Espa\u00f1a<br>Benito Caba\u00f1as | M\u00e9xico<br>Erich Brechb\u00fchl | Suiza<br>Mehdi Saeedi | Ir\u00e1n &#8211; EEUU<br>Ejti Stih | Bolivia<br>Shino Suefusa | Jap\u00f3n<br>Juli\u00e1n Naranjo | Chile<br>Frank Arbelo | Cuba-Bolivia<br>Andrew Lewis | Canad\u00e1<br>Alejandro Magallanes | M\u00e9xico<br>Roberto Valc\u00e1rcel | Bolivia<br>Daisuke Kashiwa | Jap\u00f3n<br>Kiko Farkas | Brasil<br>Felipe Covarrubias | M\u00e9xico<br>Elizabeth Resnick | Estados Unidos<br>Pepe Men\u00e9ndez | Cuba<br>Tomoko Migayawa | Jap\u00f3n<br>Alain LeQuernec | Francia<br>Homa Delvaray | Ir\u00e1n<br>Agnieszka Ziemiszewska | Polonia<br>Rub\u00e9n Salinas | Bolivia<br>Alejandro Ros | Argentina<br>Santiago Pol | Venezuela<br>Natalia Volpe | Argentina<br>Krzysztof Ducki | Hungr\u00eda<br>Peter Bankov | Rep\u00fablica Checa<br>Sergio Olivotti | Italia<br>Gustavo Wojciechowski | Uruguay<br>Ronald Curchod | Francia<br>Lonnie Ruiz | Nicaragua<br>Rikke Hansen | Dinamarca<br>Laze Tripkov | Macedonia<br>Susana Machicao | Bolivia<br>Antonio Castro | EEUU-M\u00e9xico<br>Celeste Prieto | Paraguay<br>Germ\u00e1n Montalvo | M\u00e9xico<br>Iwona Rype\u015b\u0107-Kostovi\u0107 | Estados Unidos<br>Pablo Iturralde | Ecuador<br>Yossi Lemel | Israel<br>Anita Wasik | Polonia<br>Erin Wright | Estados Unidos<br>Belen Mena | Ecuador<br>Eric Boelts | Estados Unidos<br>Diego Berm\u00fadez | Colombia<br>Loudes Zolezzi | M\u00e9xico<br>Fidel Sclavo | Uruguay<br>Joanna G\u00f3rska | Polonia<br>Jerzy Skakun | Polonia<br>Parisa Tashakori | Ir\u00e1n &#8211; EEUU<br>Giselle Monz\u00f3n | Cuba<br>Agustina Cosulich |Argentina<br>Eric Olivares | M\u00e9xico &#8211; Espa\u00f1a<br>Kari Piipo | Finlandia<br>Sophia Ling Hung Shih | Taiw\u00e1n<br><\/p>\n\n\n\n<p><strong>Este es tan solo un paso m\u00e1s. Juntos con el trabajo de todos quienes estamos del lado organizativo, nos avocaremos a seguir siendo un espacio estrat\u00e9gico aglutinador de experiencias y aprendizaje, un evento generador de patrimonio y cultura, as\u00ed como la agenda creativa de la cultura urbana.<\/strong><\/p>\n\n\n\n<p>Gracias a toda nuestra comunidad de dise\u00f1adores y estudiantes, nuestra familia, lo valioso que tenemos y por quienes definimos nuestras l\u00edneas y acciones de trabajo y compromiso por ustedes.<\/p>\n\n\n\n<hr class=\"wp-block-separator is-style-wide\"\/>\n\n\n\n<h2 class=\"wp-block-heading\"><span style=\"color:#bca019\" class=\"has-inline-color\"><strong>We walk with good company<\/strong><br><strong>We consolidated the International Poster Design Council BICeB\u00e9<\/strong><\/span><\/h2>\n\n\n\n<blockquote class=\"wp-block-quote is-layout-flow wp-block-quote-is-layout-flow\"><p>Through more than 11 years of life, BICeB\u00e9 has strengthened its relations around design, and as a result of the advancement of culture and the economy. We became an essential space that combines the development of the Bolivian and Latin American visual arts, however, this was never our isolated scope or purpose.<\/p><\/blockquote>\n\n\n\n<p><strong>We are a creative engine,<\/strong>&nbsp;and as such, we assume a responsibility linked to all the professionals who have supported us and accompanied us over time.&nbsp;<\/p>\n\n\n\n<p>Within these different scenes traversed, where the&nbsp;<strong>BICeB\u00e9 Bolivia Poster Biennial&nbsp;<\/strong>has been recognized and respected for its administration and growth model, not everything has been perfect. Since November 2019, the biennial has faced unforeseeable situations. We are, perhaps, the only biennial in the world that has been hit twice in a row by situations outside of our event, however, these situations drive the conception of new environments, challenges, and projections and nothing remains more certain than us feeling more alive during this particulary process.<\/p>\n\n\n\n<p><strong>The human resource has been the most significant during this period<\/strong>. We have been flooded with good wishes, understanding, support, and advice from teachers, designers, and students from Bolivia and around the world. They all share the same opinion about the value in the work we do and together, we have opened a door that will benefit all those who support and follow the biennial. Without a doubt, we are tremendously fortunate to walk this path with all of you.<\/p>\n\n\n\n<p>BICeB\u00e9 has known since its inception that we owe ourselves to young people. They are the ones who have grown professionally with us, and nothing has been more rewarding than witnessing this process. For this reason, we have insisted on an open exchange space where great teachers interact with young people who, in the future, will provide new paths to the profession and the biennial.<\/p>\n\n\n\n<p>Within the task, intention, and will to promote graphic design with the highest standards, a few months ago, a plan to form a new council that respects individuality, inclusive thinking, ethics, the value of the intellectual property was born. A plan where the good practice of the profession in all its disciplines will be highly valued.<\/p>\n\n\n\n<p>Today we present the <strong>International Poster Design Council BICeB\u00e9<\/strong> and the founding members created in February 2020. We hope that this list of great professionals and friends, will grow over time:<\/p>\n\n\n\n<p class=\"has-text-align-center\">Pekka Loiri | Finland<br>Lech Majewski | Poland<br>Serge Serov | Russia<br>Phil Risbeck | United States of America<br>Peter Mussfeldt | Ecuador<br>John Gravdahl | United States of America<br>Leo Lin | Taiwan<br>Niklaus Troxler | Switzerland<br>Helmut Langer | Germany<br>Felipe Taborda | Brazil<br>Gitte Kath | Denmark<br>Cedomir Kostovic | United States of America<br>Isidro Ferrer | Spain<br>Benito Caba\u00f1as | Mexico<br>Erich Brechb\u00fchl | Switzerland<br>Mehdi Saeedi | Iran &#8211; USA<br>Ejti Stih | Bolivia<br>Shino Suefusa | Japan<br>Juli\u00e1n Naranjo | Chile<br>Andrew Lewis | Canada<br>Alejandro Magallanes | Mexico<br>Roberto Varc\u00e1rcel | Bolivia<br>Daisuke Kashiwa | Japan<br>Kiko Farkas | Brazil<br>Felipe Covarrubias | Mexico<br>Elizabeth Resnick | United States<br>Pepe Men\u00e9ndez | Cuba<br>Tomoko Migayawa | Japan<br>Alain LeQuernec | France<br>Homa Delvaray | Iran<br>Agnieszka Ziemiszewska | Poland<br>Rub\u00e9n Salinas | Bolivia<br>Alejandro Ros | Argentina<br>Santiago Pol | Venezuela<br>Krzysztof Ducki | Hungary<br>Peter Bankov | Czech Republic<br>Sergio Olivitti | Italia<br>Gustavo Wojciechowski | Uruguay<br>Ronald Curchod | France<br>Lonnie Ruiz | Nicaragua<br>Rikke Hansen | Denmark<br>Laze Tripkov | Macedonia<br>Antonio Castro | USA-Mexico<br>Celeste Prieto | Paraguay<br>Germ\u00e1n Montalvo | Mexico<br>Iwona Rype\u015b\u0107-Kostovi\u0107 | United States of America<br>Pablo Iturralde | Ecuador<br>Yossi Lemel | Israel<br>Anita Wasik | Poland<br>Erin Wright | United States of America<br>Belen Mena | Ecuador<br>Xu Wei | China<br>Eric Boelts | United States of America<br>Diego Berm\u00fadez | Colombia<br>Loudes Zolezzi | Mexico<br>Fidel Sclavo | Uruguay<br>Joanna G\u00f3rska | Poland<br>Jerzy Skakun | Poland<br>Parisa Tashakori | Iran &#8211; USA<br>Giselle Cuba | Cuba<br>Agustina Cosulich | Argentina<br>Eric Olivares |M\u00e9xico &#8211; Spain<br>Kari Piippo | Finland<br>Sophia Ling Jung Shih | Taiwan<br><\/p>\n\n\n\n<p><strong>This is just one more step. With the work of all of us who are on the organizational side, we will strive to remain as a strategic space bridging experiences and learning, an event generating heritage and culture, and the creative agenda for urban culture.<\/strong><\/p>\n\n\n\n<p>Thanks to all our community of designers and students, our family, the most valuable we have, and for whom we define our principles and actions of work and commitment.<br><br>#LaBICeB\u00e9Vive<br>#VivalaBICeB\u00e9<\/p>\n\n\n\n<hr class=\"wp-block-separator is-style-dots\"\/>\n\n\n\n<p><strong><a href=\"http:\/\/www.bicebebolivia.com\">www.bicebebolivia.com<\/a><\/strong><\/p>\n","protected":false},"excerpt":{"rendered":"<p>(Espa\u00f1ol | English En m\u00e1s 11 a\u00f1os de vida, la BICeB\u00e9 ha fortalecido sus relaciones en torno al dise\u00f1o y en resultado del desarrollo de la cultura y la econom\u00eda. Nos hemos convertido en un espacio imprescindible que une el desarrollo de las artes visuales bolivianas y latinoamericanas. Sin embargo nunca fue \u00e9ste nuestro \u00fanico &hellip; <a href=\"https:\/\/www.bicebebolivia.com\/blog\/cidc\/cidc\/\" class=\"more-link\">Sigue leyendo <span class=\"screen-reader-text\">Caminamos con la mejor compa\u00f1\u00eda. Consolidamos el Consejo Internacional de Dise\u00f1o del Cartel BICeB\u00e9<\/span><\/a><\/p>\n","protected":false},"author":2,"featured_media":335,"comment_status":"open","ping_status":"open","sticky":false,"template":"","format":"standard","meta":{"footnotes":""},"categories":[64,1],"tags":[12,61,60,63,15,62],"class_list":["post-398","post","type-post","status-publish","format-standard","has-post-thumbnail","hentry","category-cidc","category-sin-categoria","tag-bolivia","tag-cidc","tag-consejo-internacional-de-diseno-del-cartel-bicebe","tag-masters","tag-poster","tag-poster-design"],"yoast_head":"<!-- This site is optimized with the Yoast SEO plugin v27.4 - https:\/\/yoast.com\/product\/yoast-seo-wordpress\/ -->\n<title>Caminamos con la mejor compa\u00f1\u00eda. Consolidamos el Consejo Internacional de Dise\u00f1o del Cartel BICeB\u00e9 - BICeB\u00e9 Blog<\/title>\n<meta name=\"robots\" content=\"index, follow, max-snippet:-1, max-image-preview:large, max-video-preview:-1\" \/>\n<link rel=\"canonical\" href=\"http:\/\/www.bicebebolivia.com\/blog\/cidc\/cidc\/\" \/>\n<meta property=\"og:locale\" content=\"es_ES\" \/>\n<meta property=\"og:type\" content=\"article\" \/>\n<meta property=\"og:title\" content=\"Caminamos con la mejor compa\u00f1\u00eda. Consolidamos el Consejo Internacional de Dise\u00f1o del Cartel BICeB\u00e9 - BICeB\u00e9 Blog\" \/>\n<meta property=\"og:description\" content=\"(Espa\u00f1ol | English En m\u00e1s 11 a\u00f1os de vida, la BICeB\u00e9 ha fortalecido sus relaciones en torno al dise\u00f1o y en resultado del desarrollo de la cultura y la econom\u00eda. Nos hemos convertido en un espacio imprescindible que une el desarrollo de las artes visuales bolivianas y latinoamericanas. Sin embargo nunca fue \u00e9ste nuestro \u00fanico &hellip; Sigue leyendo Caminamos con la mejor compa\u00f1\u00eda. Consolidamos el Consejo Internacional de Dise\u00f1o del Cartel BICeB\u00e9\" \/>\n<meta property=\"og:url\" content=\"http:\/\/www.bicebebolivia.com\/blog\/cidc\/cidc\/\" \/>\n<meta property=\"og:site_name\" content=\"BICeB\u00e9 Blog\" \/>\n<meta property=\"article:publisher\" content=\"https:\/\/www.facebook.com\/BICeBe\" \/>\n<meta property=\"article:published_time\" content=\"2020-06-15T14:20:39+00:00\" \/>\n<meta property=\"article:modified_time\" content=\"2021-09-14T14:20:46+00:00\" \/>\n<meta property=\"og:image\" content=\"https:\/\/www.bicebebolivia.com\/blog\/wp-content\/uploads\/2020\/06\/IG029.png\" \/>\n\t<meta property=\"og:image:width\" content=\"1920\" \/>\n\t<meta property=\"og:image:height\" content=\"1080\" \/>\n\t<meta property=\"og:image:type\" content=\"image\/png\" \/>\n<meta name=\"author\" content=\"Bienal del Cartel Bolivia BICeB\u00e9\" \/>\n<meta name=\"twitter:label1\" content=\"Escrito por\" \/>\n\t<meta name=\"twitter:data1\" content=\"Bienal del Cartel Bolivia BICeB\u00e9\" \/>\n\t<meta name=\"twitter:label2\" content=\"Tiempo de lectura\" \/>\n\t<meta name=\"twitter:data2\" content=\"7 minutos\" \/>\n<script type=\"application\/ld+json\" class=\"yoast-schema-graph\">{\"@context\":\"https:\\\/\\\/schema.org\",\"@graph\":[{\"@type\":\"Article\",\"@id\":\"http:\\\/\\\/www.bicebebolivia.com\\\/blog\\\/cidc\\\/cidc\\\/#article\",\"isPartOf\":{\"@id\":\"http:\\\/\\\/www.bicebebolivia.com\\\/blog\\\/cidc\\\/cidc\\\/\"},\"author\":{\"name\":\"Bienal del Cartel Bolivia BICeB\u00e9\",\"@id\":\"https:\\\/\\\/www.bicebebolivia.com\\\/blog\\\/#\\\/schema\\\/person\\\/26ad6d9a9ae3f5b7dcc077474d935c36\"},\"headline\":\"Caminamos con la mejor compa\u00f1\u00eda. Consolidamos el Consejo Internacional de Dise\u00f1o del Cartel BICeB\u00e9\",\"datePublished\":\"2020-06-15T14:20:39+00:00\",\"dateModified\":\"2021-09-14T14:20:46+00:00\",\"mainEntityOfPage\":{\"@id\":\"http:\\\/\\\/www.bicebebolivia.com\\\/blog\\\/cidc\\\/cidc\\\/\"},\"wordCount\":1360,\"commentCount\":4,\"image\":{\"@id\":\"http:\\\/\\\/www.bicebebolivia.com\\\/blog\\\/cidc\\\/cidc\\\/#primaryimage\"},\"thumbnailUrl\":\"https:\\\/\\\/www.bicebebolivia.com\\\/blog\\\/wp-content\\\/uploads\\\/2020\\\/06\\\/IG029.png\",\"keywords\":[\"Bolivia\",\"CIDC\",\"Consejo Internacional de Dise\u00f1o del Cartel BICeB\u00e9\",\"Masters\",\"Poster\",\"Poster Design\"],\"articleSection\":[\"CIDC\",\"Noticias\"],\"inLanguage\":\"es\",\"potentialAction\":[{\"@type\":\"CommentAction\",\"name\":\"Comment\",\"target\":[\"http:\\\/\\\/www.bicebebolivia.com\\\/blog\\\/cidc\\\/cidc\\\/#respond\"]}]},{\"@type\":\"WebPage\",\"@id\":\"http:\\\/\\\/www.bicebebolivia.com\\\/blog\\\/cidc\\\/cidc\\\/\",\"url\":\"http:\\\/\\\/www.bicebebolivia.com\\\/blog\\\/cidc\\\/cidc\\\/\",\"name\":\"Caminamos con la mejor compa\u00f1\u00eda. Consolidamos el Consejo Internacional de Dise\u00f1o del Cartel BICeB\u00e9 - BICeB\u00e9 Blog\",\"isPartOf\":{\"@id\":\"https:\\\/\\\/www.bicebebolivia.com\\\/blog\\\/#website\"},\"primaryImageOfPage\":{\"@id\":\"http:\\\/\\\/www.bicebebolivia.com\\\/blog\\\/cidc\\\/cidc\\\/#primaryimage\"},\"image\":{\"@id\":\"http:\\\/\\\/www.bicebebolivia.com\\\/blog\\\/cidc\\\/cidc\\\/#primaryimage\"},\"thumbnailUrl\":\"https:\\\/\\\/www.bicebebolivia.com\\\/blog\\\/wp-content\\\/uploads\\\/2020\\\/06\\\/IG029.png\",\"datePublished\":\"2020-06-15T14:20:39+00:00\",\"dateModified\":\"2021-09-14T14:20:46+00:00\",\"author\":{\"@id\":\"https:\\\/\\\/www.bicebebolivia.com\\\/blog\\\/#\\\/schema\\\/person\\\/26ad6d9a9ae3f5b7dcc077474d935c36\"},\"breadcrumb\":{\"@id\":\"http:\\\/\\\/www.bicebebolivia.com\\\/blog\\\/cidc\\\/cidc\\\/#breadcrumb\"},\"inLanguage\":\"es\",\"potentialAction\":[{\"@type\":\"ReadAction\",\"target\":[\"http:\\\/\\\/www.bicebebolivia.com\\\/blog\\\/cidc\\\/cidc\\\/\"]}]},{\"@type\":\"ImageObject\",\"inLanguage\":\"es\",\"@id\":\"http:\\\/\\\/www.bicebebolivia.com\\\/blog\\\/cidc\\\/cidc\\\/#primaryimage\",\"url\":\"https:\\\/\\\/www.bicebebolivia.com\\\/blog\\\/wp-content\\\/uploads\\\/2020\\\/06\\\/IG029.png\",\"contentUrl\":\"https:\\\/\\\/www.bicebebolivia.com\\\/blog\\\/wp-content\\\/uploads\\\/2020\\\/06\\\/IG029.png\",\"width\":1920,\"height\":1080},{\"@type\":\"BreadcrumbList\",\"@id\":\"http:\\\/\\\/www.bicebebolivia.com\\\/blog\\\/cidc\\\/cidc\\\/#breadcrumb\",\"itemListElement\":[{\"@type\":\"ListItem\",\"position\":1,\"name\":\"Portada\",\"item\":\"https:\\\/\\\/www.bicebebolivia.com\\\/blog\\\/\"},{\"@type\":\"ListItem\",\"position\":2,\"name\":\"Caminamos con la mejor compa\u00f1\u00eda. Consolidamos el Consejo Internacional de Dise\u00f1o del Cartel BICeB\u00e9\"}]},{\"@type\":\"WebSite\",\"@id\":\"https:\\\/\\\/www.bicebebolivia.com\\\/blog\\\/#website\",\"url\":\"https:\\\/\\\/www.bicebebolivia.com\\\/blog\\\/\",\"name\":\"BICeB\u00e9 Blog\",\"description\":\"Bienal del Cartel Bolivia 2021\",\"potentialAction\":[{\"@type\":\"SearchAction\",\"target\":{\"@type\":\"EntryPoint\",\"urlTemplate\":\"https:\\\/\\\/www.bicebebolivia.com\\\/blog\\\/?s={search_term_string}\"},\"query-input\":{\"@type\":\"PropertyValueSpecification\",\"valueRequired\":true,\"valueName\":\"search_term_string\"}}],\"inLanguage\":\"es\"},{\"@type\":\"Person\",\"@id\":\"https:\\\/\\\/www.bicebebolivia.com\\\/blog\\\/#\\\/schema\\\/person\\\/26ad6d9a9ae3f5b7dcc077474d935c36\",\"name\":\"Bienal del Cartel Bolivia BICeB\u00e9\",\"image\":{\"@type\":\"ImageObject\",\"inLanguage\":\"es\",\"@id\":\"https:\\\/\\\/secure.gravatar.com\\\/avatar\\\/7a4b5272639cc73d859204e94c716e9d0dc61543d7f9a64cca5162eb3a30fabb?s=96&d=mm&r=g\",\"url\":\"https:\\\/\\\/secure.gravatar.com\\\/avatar\\\/7a4b5272639cc73d859204e94c716e9d0dc61543d7f9a64cca5162eb3a30fabb?s=96&d=mm&r=g\",\"contentUrl\":\"https:\\\/\\\/secure.gravatar.com\\\/avatar\\\/7a4b5272639cc73d859204e94c716e9d0dc61543d7f9a64cca5162eb3a30fabb?s=96&d=mm&r=g\",\"caption\":\"Bienal del Cartel Bolivia BICeB\u00e9\"},\"url\":\"https:\\\/\\\/www.bicebebolivia.com\\\/blog\\\/author\\\/bicebe_usser\\\/\"}]}<\/script>\n<!-- \/ Yoast SEO plugin. -->","yoast_head_json":{"title":"Caminamos con la mejor compa\u00f1\u00eda. Consolidamos el Consejo Internacional de Dise\u00f1o del Cartel BICeB\u00e9 - BICeB\u00e9 Blog","robots":{"index":"index","follow":"follow","max-snippet":"max-snippet:-1","max-image-preview":"max-image-preview:large","max-video-preview":"max-video-preview:-1"},"canonical":"http:\/\/www.bicebebolivia.com\/blog\/cidc\/cidc\/","og_locale":"es_ES","og_type":"article","og_title":"Caminamos con la mejor compa\u00f1\u00eda. Consolidamos el Consejo Internacional de Dise\u00f1o del Cartel BICeB\u00e9 - BICeB\u00e9 Blog","og_description":"(Espa\u00f1ol | English En m\u00e1s 11 a\u00f1os de vida, la BICeB\u00e9 ha fortalecido sus relaciones en torno al dise\u00f1o y en resultado del desarrollo de la cultura y la econom\u00eda. Nos hemos convertido en un espacio imprescindible que une el desarrollo de las artes visuales bolivianas y latinoamericanas. Sin embargo nunca fue \u00e9ste nuestro \u00fanico &hellip; Sigue leyendo Caminamos con la mejor compa\u00f1\u00eda. Consolidamos el Consejo Internacional de Dise\u00f1o del Cartel BICeB\u00e9","og_url":"http:\/\/www.bicebebolivia.com\/blog\/cidc\/cidc\/","og_site_name":"BICeB\u00e9 Blog","article_publisher":"https:\/\/www.facebook.com\/BICeBe","article_published_time":"2020-06-15T14:20:39+00:00","article_modified_time":"2021-09-14T14:20:46+00:00","og_image":[{"width":1920,"height":1080,"url":"https:\/\/www.bicebebolivia.com\/blog\/wp-content\/uploads\/2020\/06\/IG029.png","type":"image\/png"}],"author":"Bienal del Cartel Bolivia BICeB\u00e9","twitter_misc":{"Escrito por":"Bienal del Cartel Bolivia BICeB\u00e9","Tiempo de lectura":"7 minutos"},"schema":{"@context":"https:\/\/schema.org","@graph":[{"@type":"Article","@id":"http:\/\/www.bicebebolivia.com\/blog\/cidc\/cidc\/#article","isPartOf":{"@id":"http:\/\/www.bicebebolivia.com\/blog\/cidc\/cidc\/"},"author":{"name":"Bienal del Cartel Bolivia BICeB\u00e9","@id":"https:\/\/www.bicebebolivia.com\/blog\/#\/schema\/person\/26ad6d9a9ae3f5b7dcc077474d935c36"},"headline":"Caminamos con la mejor compa\u00f1\u00eda. Consolidamos el Consejo Internacional de Dise\u00f1o del Cartel BICeB\u00e9","datePublished":"2020-06-15T14:20:39+00:00","dateModified":"2021-09-14T14:20:46+00:00","mainEntityOfPage":{"@id":"http:\/\/www.bicebebolivia.com\/blog\/cidc\/cidc\/"},"wordCount":1360,"commentCount":4,"image":{"@id":"http:\/\/www.bicebebolivia.com\/blog\/cidc\/cidc\/#primaryimage"},"thumbnailUrl":"https:\/\/www.bicebebolivia.com\/blog\/wp-content\/uploads\/2020\/06\/IG029.png","keywords":["Bolivia","CIDC","Consejo Internacional de Dise\u00f1o del Cartel BICeB\u00e9","Masters","Poster","Poster Design"],"articleSection":["CIDC","Noticias"],"inLanguage":"es","potentialAction":[{"@type":"CommentAction","name":"Comment","target":["http:\/\/www.bicebebolivia.com\/blog\/cidc\/cidc\/#respond"]}]},{"@type":"WebPage","@id":"http:\/\/www.bicebebolivia.com\/blog\/cidc\/cidc\/","url":"http:\/\/www.bicebebolivia.com\/blog\/cidc\/cidc\/","name":"Caminamos con la mejor compa\u00f1\u00eda. Consolidamos el Consejo Internacional de Dise\u00f1o del Cartel BICeB\u00e9 - BICeB\u00e9 Blog","isPartOf":{"@id":"https:\/\/www.bicebebolivia.com\/blog\/#website"},"primaryImageOfPage":{"@id":"http:\/\/www.bicebebolivia.com\/blog\/cidc\/cidc\/#primaryimage"},"image":{"@id":"http:\/\/www.bicebebolivia.com\/blog\/cidc\/cidc\/#primaryimage"},"thumbnailUrl":"https:\/\/www.bicebebolivia.com\/blog\/wp-content\/uploads\/2020\/06\/IG029.png","datePublished":"2020-06-15T14:20:39+00:00","dateModified":"2021-09-14T14:20:46+00:00","author":{"@id":"https:\/\/www.bicebebolivia.com\/blog\/#\/schema\/person\/26ad6d9a9ae3f5b7dcc077474d935c36"},"breadcrumb":{"@id":"http:\/\/www.bicebebolivia.com\/blog\/cidc\/cidc\/#breadcrumb"},"inLanguage":"es","potentialAction":[{"@type":"ReadAction","target":["http:\/\/www.bicebebolivia.com\/blog\/cidc\/cidc\/"]}]},{"@type":"ImageObject","inLanguage":"es","@id":"http:\/\/www.bicebebolivia.com\/blog\/cidc\/cidc\/#primaryimage","url":"https:\/\/www.bicebebolivia.com\/blog\/wp-content\/uploads\/2020\/06\/IG029.png","contentUrl":"https:\/\/www.bicebebolivia.com\/blog\/wp-content\/uploads\/2020\/06\/IG029.png","width":1920,"height":1080},{"@type":"BreadcrumbList","@id":"http:\/\/www.bicebebolivia.com\/blog\/cidc\/cidc\/#breadcrumb","itemListElement":[{"@type":"ListItem","position":1,"name":"Portada","item":"https:\/\/www.bicebebolivia.com\/blog\/"},{"@type":"ListItem","position":2,"name":"Caminamos con la mejor compa\u00f1\u00eda. Consolidamos el Consejo Internacional de Dise\u00f1o del Cartel BICeB\u00e9"}]},{"@type":"WebSite","@id":"https:\/\/www.bicebebolivia.com\/blog\/#website","url":"https:\/\/www.bicebebolivia.com\/blog\/","name":"BICeB\u00e9 Blog","description":"Bienal del Cartel Bolivia 2021","potentialAction":[{"@type":"SearchAction","target":{"@type":"EntryPoint","urlTemplate":"https:\/\/www.bicebebolivia.com\/blog\/?s={search_term_string}"},"query-input":{"@type":"PropertyValueSpecification","valueRequired":true,"valueName":"search_term_string"}}],"inLanguage":"es"},{"@type":"Person","@id":"https:\/\/www.bicebebolivia.com\/blog\/#\/schema\/person\/26ad6d9a9ae3f5b7dcc077474d935c36","name":"Bienal del Cartel Bolivia BICeB\u00e9","image":{"@type":"ImageObject","inLanguage":"es","@id":"https:\/\/secure.gravatar.com\/avatar\/7a4b5272639cc73d859204e94c716e9d0dc61543d7f9a64cca5162eb3a30fabb?s=96&d=mm&r=g","url":"https:\/\/secure.gravatar.com\/avatar\/7a4b5272639cc73d859204e94c716e9d0dc61543d7f9a64cca5162eb3a30fabb?s=96&d=mm&r=g","contentUrl":"https:\/\/secure.gravatar.com\/avatar\/7a4b5272639cc73d859204e94c716e9d0dc61543d7f9a64cca5162eb3a30fabb?s=96&d=mm&r=g","caption":"Bienal del Cartel Bolivia BICeB\u00e9"},"url":"https:\/\/www.bicebebolivia.com\/blog\/author\/bicebe_usser\/"}]}},"_links":{"self":[{"href":"https:\/\/www.bicebebolivia.com\/blog\/wp-json\/wp\/v2\/posts\/398","targetHints":{"allow":["GET"]}}],"collection":[{"href":"https:\/\/www.bicebebolivia.com\/blog\/wp-json\/wp\/v2\/posts"}],"about":[{"href":"https:\/\/www.bicebebolivia.com\/blog\/wp-json\/wp\/v2\/types\/post"}],"author":[{"embeddable":true,"href":"https:\/\/www.bicebebolivia.com\/blog\/wp-json\/wp\/v2\/users\/2"}],"replies":[{"embeddable":true,"href":"https:\/\/www.bicebebolivia.com\/blog\/wp-json\/wp\/v2\/comments?post=398"}],"version-history":[{"count":26,"href":"https:\/\/www.bicebebolivia.com\/blog\/wp-json\/wp\/v2\/posts\/398\/revisions"}],"predecessor-version":[{"id":571,"href":"https:\/\/www.bicebebolivia.com\/blog\/wp-json\/wp\/v2\/posts\/398\/revisions\/571"}],"wp:featuredmedia":[{"embeddable":true,"href":"https:\/\/www.bicebebolivia.com\/blog\/wp-json\/wp\/v2\/media\/335"}],"wp:attachment":[{"href":"https:\/\/www.bicebebolivia.com\/blog\/wp-json\/wp\/v2\/media?parent=398"}],"wp:term":[{"taxonomy":"category","embeddable":true,"href":"https:\/\/www.bicebebolivia.com\/blog\/wp-json\/wp\/v2\/categories?post=398"},{"taxonomy":"post_tag","embeddable":true,"href":"https:\/\/www.bicebebolivia.com\/blog\/wp-json\/wp\/v2\/tags?post=398"}],"curies":[{"name":"wp","href":"https:\/\/api.w.org\/{rel}","templated":true}]}}