{"id":647,"date":"2023-08-16T10:03:42","date_gmt":"2023-08-16T14:03:42","guid":{"rendered":"https:\/\/www.bicebebolivia.com\/blog\/?p=647"},"modified":"2023-08-16T10:04:58","modified_gmt":"2023-08-16T14:04:58","slug":"inscripciones-abiertas","status":"publish","type":"post","link":"https:\/\/www.bicebebolivia.com\/blog\/sin-categoria\/inscripciones-abiertas\/","title":{"rendered":"BICeB\u00e9 2023: Se abren las inscripciones para los talleres, conferencias y charlas que se llevar\u00e1n a cabo en Santa Cruz y La Paz"},"content":{"rendered":"\n<p><\/p>\n\n\n\n<blockquote class=\"wp-block-quote is-layout-flow wp-block-quote-is-layout-flow\">\n<p><em>Hay un descuento del 10% para quienes se inscriban hasta el 16 de septiembre. La Bienal del Cartel Bolivia se inicia el 20 de noviembre en Santa Cruz<\/em>.<\/p>\n<\/blockquote>\n\n\n\n<figure class=\"wp-block-image size-large\"><a href=\"http:\/\/www.bicebebolivia.com\/blog\/wp-content\/uploads\/2023\/08\/13-1.png\"><img loading=\"lazy\" decoding=\"async\" width=\"1024\" height=\"633\" src=\"http:\/\/www.bicebebolivia.com\/blog\/wp-content\/uploads\/2023\/08\/13-1-1024x633.png\" alt=\"\" class=\"wp-image-640\" srcset=\"https:\/\/www.bicebebolivia.com\/blog\/wp-content\/uploads\/2023\/08\/13-1-1024x633.png 1024w, https:\/\/www.bicebebolivia.com\/blog\/wp-content\/uploads\/2023\/08\/13-1-300x185.png 300w, https:\/\/www.bicebebolivia.com\/blog\/wp-content\/uploads\/2023\/08\/13-1-768x475.png 768w, https:\/\/www.bicebebolivia.com\/blog\/wp-content\/uploads\/2023\/08\/13-1-825x510.png 825w, https:\/\/www.bicebebolivia.com\/blog\/wp-content\/uploads\/2023\/08\/13-1.png 1536w\" sizes=\"auto, (max-width: 1024px) 100vw, 1024px\" \/><\/a><\/figure>\n\n\n\n<p><\/p>\n\n\n\n<p>La Bienal del Cartel Bolivia BICeB\u00e9 2023 habilita las inscripciones para los diferentes talleres, conferencias y charlas que se realizar\u00e1n tanto en Santa Cruz (del 20 al 24 de noviembre) como en La Paz (del 27 al 29 de noviembre).<\/p>\n\n\n\n<p>Importantes personalidades nacionales e internacionales del dise\u00f1o gr\u00e1fico, branding, la publicidad y la ilustraci\u00f3n llegar\u00e1n a la bienal, en la que hablar\u00e1n de diferentes temas concernientes a sus \u00e1reas.<\/p>\n\n\n\n<p>Habr\u00e1 un descuento del 10% en inscripciones para quienes se inscriban hasta el 16 de septiembre.&nbsp;<\/p>\n\n\n\n<p>En Santa Cruz, las sedes para las diferentes actividades, ser\u00e1n la sala de postgrado de la Universidad Cat\u00f3lica San Pablo, el auditorio de la Universidad Franz Tamayo y el Sal\u00f3n Chiquitano de la Fexpocruz. Mientras que, en La Paz ser\u00e1 el Teatro Do\u00f1a Albina de la Fundaci\u00f3n Pati\u00f1o La Paz. Asi mismo se suman las principales Galer\u00edas del de Santa Cruz y La Paz, para las 12 exhibiciones que tendr\u00e1 la BICeB\u00e9 que pronto ser\u00e1n anunciadas.<\/p>\n\n\n\n<p>Durante los d\u00edas de la BICeB\u00e9 habr\u00e1 talleres de tipograf\u00eda experimental, Branding y dise\u00f1o de marca, creatividad, ilustraci\u00f3n, packaging y redacci\u00f3n creativa, entre otros.<\/p>\n\n\n\n<p><\/p>\n\n\n\n<figure class=\"wp-block-image size-large\"><a href=\"http:\/\/www.bicebebolivia.com\/blog\/wp-content\/uploads\/2023\/08\/11-1.png\"><img loading=\"lazy\" decoding=\"async\" width=\"1024\" height=\"633\" src=\"http:\/\/www.bicebebolivia.com\/blog\/wp-content\/uploads\/2023\/08\/11-1-1024x633.png\" alt=\"\" class=\"wp-image-638\" srcset=\"https:\/\/www.bicebebolivia.com\/blog\/wp-content\/uploads\/2023\/08\/11-1-1024x633.png 1024w, https:\/\/www.bicebebolivia.com\/blog\/wp-content\/uploads\/2023\/08\/11-1-300x185.png 300w, https:\/\/www.bicebebolivia.com\/blog\/wp-content\/uploads\/2023\/08\/11-1-768x475.png 768w, https:\/\/www.bicebebolivia.com\/blog\/wp-content\/uploads\/2023\/08\/11-1-825x510.png 825w, https:\/\/www.bicebebolivia.com\/blog\/wp-content\/uploads\/2023\/08\/11-1.png 1536w\" sizes=\"auto, (max-width: 1024px) 100vw, 1024px\" \/><\/a><\/figure>\n\n\n\n<p><\/p>\n\n\n\n<p>Tambi\u00e9n habr\u00e1 conferencias, que estar\u00e1n a cago de maestros del dise\u00f1o como Javier Ja\u00e9n (Espa\u00f1a), Alejandro Ros (Argentina), Chantal Fischzang (Bolivia), Claudia Shramke (Alemania), Ronald Kapaz (Brasil) y Putos Moderno (Espa\u00f1a), entre muchos otros que llegar\u00e1n al pa\u00eds en esos d\u00edas.<\/p>\n\n\n\n<p>La BICeB\u00e9 tambi\u00e9n ha organizado una serie de charlas de creativos que no tendr\u00e1n costo, se realizar\u00e1n en la universidad Franz Tamayo, y tendr\u00e1 a gente como la argentina Paula Casalderrey y los bolivianos Roberto Untersladstaetter, Melissa Roko, Claudia Oporto, Alfredo Rom\u00e1n, Andrea Cuadros, Alejandra Salvatierra y Diana Ram\u00edrez.<\/p>\n\n\n\n<figure class=\"wp-block-image size-large\"><a href=\"https:\/\/www.bicebebolivia.com\/blog\/wp-content\/uploads\/2023\/08\/12-1.png\"><img loading=\"lazy\" decoding=\"async\" width=\"1024\" height=\"633\" src=\"https:\/\/www.bicebebolivia.com\/blog\/wp-content\/uploads\/2023\/08\/12-1-1024x633.png\" alt=\"\" class=\"wp-image-641\" srcset=\"https:\/\/www.bicebebolivia.com\/blog\/wp-content\/uploads\/2023\/08\/12-1-1024x633.png 1024w, https:\/\/www.bicebebolivia.com\/blog\/wp-content\/uploads\/2023\/08\/12-1-300x185.png 300w, https:\/\/www.bicebebolivia.com\/blog\/wp-content\/uploads\/2023\/08\/12-1-768x475.png 768w, https:\/\/www.bicebebolivia.com\/blog\/wp-content\/uploads\/2023\/08\/12-1-825x510.png 825w, https:\/\/www.bicebebolivia.com\/blog\/wp-content\/uploads\/2023\/08\/12-1.png 1536w\" sizes=\"auto, (max-width: 1024px) 100vw, 1024px\" \/><\/a><\/figure>\n\n\n\n<p><\/p>\n\n\n\n<p>Susana Machicao, directora de la Bienal del Cartel Bolivia, se\u00f1al\u00f3 que esta es una gran oportunidad para los estudiantes de dise\u00f1o, creativos y p\u00fablico en general, para escuchar sobre las nuevas tendencias en el mundo de la mano de expertos con una trayectoria reconocida.<br><br>&#8212;&#8212;&#8212;&#8212;&#8212;&#8211;<br>Para m\u00e1s informaci\u00f3n sobre los d\u00edas, horarios y precios de las actividades, solo tienen que ingresar a la p\u00e1gina de<strong> <a href=\"https:\/\/www.bicebebolivia.com\/registro\" target=\"_blank\" rel=\"noreferrer noopener\">registro<\/a><\/strong><a href=\"https:\/\/www.bicebebolivia.com\/registro\" target=\"_blank\" rel=\"noreferrer noopener\"> <\/a>o comunicarse al Call Center BICeB\u00e9 <a href=\"http:\/wa.me\/59167068531\" target=\"_blank\" rel=\"noreferrer noopener\"><strong>67068531<\/strong><\/a><br>Te recomendamos leer la agenda y seguir los pasos de inscripciones <strong><a href=\"https:\/\/www.bicebebolivia.com\/sites\/default\/files\/AGENDA_BICeBe%CC%81_2023.pdf\" target=\"_blank\" rel=\"noreferrer noopener\">aqu\u00ed<\/a><\/strong><\/p>\n","protected":false},"excerpt":{"rendered":"<p>Hay un descuento del 10% para quienes se inscriban hasta el 16 de septiembre. La Bienal del Cartel Bolivia se inicia el 20 de noviembre en Santa Cruz. La Bienal del Cartel Bolivia BICeB\u00e9 2023 habilita las inscripciones para los diferentes talleres, conferencias y charlas que se realizar\u00e1n tanto en Santa Cruz (del 20 al &hellip; <a href=\"https:\/\/www.bicebebolivia.com\/blog\/sin-categoria\/inscripciones-abiertas\/\" class=\"more-link\">Sigue leyendo <span class=\"screen-reader-text\">BICeB\u00e9 2023: Se abren las inscripciones para los talleres, conferencias y charlas que se llevar\u00e1n a cabo en Santa Cruz y La Paz<\/span><\/a><\/p>\n","protected":false},"author":2,"featured_media":644,"comment_status":"open","ping_status":"open","sticky":false,"template":"","format":"standard","meta":{"footnotes":""},"categories":[1],"tags":[],"class_list":["post-647","post","type-post","status-publish","format-standard","has-post-thumbnail","hentry","category-sin-categoria"],"yoast_head":"<!-- This site is optimized with the Yoast SEO plugin v27.5 - https:\/\/yoast.com\/product\/yoast-seo-wordpress\/ -->\n<title>BICeB\u00e9 2023: Se abren las inscripciones para los talleres, conferencias y charlas que se llevar\u00e1n a cabo en Santa Cruz y La Paz - BICeB\u00e9 Blog<\/title>\n<meta name=\"robots\" content=\"index, follow, max-snippet:-1, max-image-preview:large, max-video-preview:-1\" \/>\n<link rel=\"canonical\" href=\"https:\/\/www.bicebebolivia.com\/blog\/sin-categoria\/inscripciones-abiertas\/\" \/>\n<meta property=\"og:locale\" content=\"es_ES\" \/>\n<meta property=\"og:type\" content=\"article\" \/>\n<meta property=\"og:title\" content=\"BICeB\u00e9 2023: Se abren las inscripciones para los talleres, conferencias y charlas que se llevar\u00e1n a cabo en Santa Cruz y La Paz - BICeB\u00e9 Blog\" \/>\n<meta property=\"og:description\" content=\"Hay un descuento del 10% para quienes se inscriban hasta el 16 de septiembre. La Bienal del Cartel Bolivia se inicia el 20 de noviembre en Santa Cruz. La Bienal del Cartel Bolivia BICeB\u00e9 2023 habilita las inscripciones para los diferentes talleres, conferencias y charlas que se realizar\u00e1n tanto en Santa Cruz (del 20 al &hellip; Sigue leyendo BICeB\u00e9 2023: Se abren las inscripciones para los talleres, conferencias y charlas que se llevar\u00e1n a cabo en Santa Cruz y La Paz\" \/>\n<meta property=\"og:url\" content=\"https:\/\/www.bicebebolivia.com\/blog\/sin-categoria\/inscripciones-abiertas\/\" \/>\n<meta property=\"og:site_name\" content=\"BICeB\u00e9 Blog\" \/>\n<meta property=\"article:publisher\" content=\"https:\/\/www.facebook.com\/BICeBe\" \/>\n<meta property=\"article:published_time\" content=\"2023-08-16T14:03:42+00:00\" \/>\n<meta property=\"article:modified_time\" content=\"2023-08-16T14:04:58+00:00\" \/>\n<meta property=\"og:image\" content=\"http:\/\/www.bicebebolivia.com\/blog\/wp-content\/uploads\/2023\/08\/16-1024x633.png\" \/>\n\t<meta property=\"og:image:width\" content=\"1024\" \/>\n\t<meta property=\"og:image:height\" content=\"633\" \/>\n\t<meta property=\"og:image:type\" content=\"image\/png\" \/>\n<meta name=\"author\" content=\"Bienal del Cartel Bolivia BICeB\u00e9\" \/>\n<meta name=\"twitter:label1\" content=\"Escrito por\" \/>\n\t<meta name=\"twitter:data1\" content=\"Bienal del Cartel Bolivia BICeB\u00e9\" \/>\n\t<meta name=\"twitter:label2\" content=\"Tiempo de lectura\" \/>\n\t<meta name=\"twitter:data2\" content=\"3 minutos\" \/>\n<script type=\"application\/ld+json\" class=\"yoast-schema-graph\">{\"@context\":\"https:\\\/\\\/schema.org\",\"@graph\":[{\"@type\":\"Article\",\"@id\":\"https:\\\/\\\/www.bicebebolivia.com\\\/blog\\\/sin-categoria\\\/inscripciones-abiertas\\\/#article\",\"isPartOf\":{\"@id\":\"https:\\\/\\\/www.bicebebolivia.com\\\/blog\\\/sin-categoria\\\/inscripciones-abiertas\\\/\"},\"author\":{\"name\":\"Bienal del Cartel Bolivia BICeB\u00e9\",\"@id\":\"https:\\\/\\\/www.bicebebolivia.com\\\/blog\\\/#\\\/schema\\\/person\\\/26ad6d9a9ae3f5b7dcc077474d935c36\"},\"headline\":\"BICeB\u00e9 2023: Se abren las inscripciones para los talleres, conferencias y charlas que se llevar\u00e1n a cabo en Santa Cruz y La Paz\",\"datePublished\":\"2023-08-16T14:03:42+00:00\",\"dateModified\":\"2023-08-16T14:04:58+00:00\",\"mainEntityOfPage\":{\"@id\":\"https:\\\/\\\/www.bicebebolivia.com\\\/blog\\\/sin-categoria\\\/inscripciones-abiertas\\\/\"},\"wordCount\":439,\"commentCount\":0,\"image\":{\"@id\":\"https:\\\/\\\/www.bicebebolivia.com\\\/blog\\\/sin-categoria\\\/inscripciones-abiertas\\\/#primaryimage\"},\"thumbnailUrl\":\"https:\\\/\\\/www.bicebebolivia.com\\\/blog\\\/wp-content\\\/uploads\\\/2023\\\/08\\\/16.png\",\"articleSection\":[\"Noticias\"],\"inLanguage\":\"es\",\"potentialAction\":[{\"@type\":\"CommentAction\",\"name\":\"Comment\",\"target\":[\"https:\\\/\\\/www.bicebebolivia.com\\\/blog\\\/sin-categoria\\\/inscripciones-abiertas\\\/#respond\"]}]},{\"@type\":\"WebPage\",\"@id\":\"https:\\\/\\\/www.bicebebolivia.com\\\/blog\\\/sin-categoria\\\/inscripciones-abiertas\\\/\",\"url\":\"https:\\\/\\\/www.bicebebolivia.com\\\/blog\\\/sin-categoria\\\/inscripciones-abiertas\\\/\",\"name\":\"BICeB\u00e9 2023: Se abren las inscripciones para los talleres, conferencias y charlas que se llevar\u00e1n a cabo en Santa Cruz y La Paz - BICeB\u00e9 Blog\",\"isPartOf\":{\"@id\":\"https:\\\/\\\/www.bicebebolivia.com\\\/blog\\\/#website\"},\"primaryImageOfPage\":{\"@id\":\"https:\\\/\\\/www.bicebebolivia.com\\\/blog\\\/sin-categoria\\\/inscripciones-abiertas\\\/#primaryimage\"},\"image\":{\"@id\":\"https:\\\/\\\/www.bicebebolivia.com\\\/blog\\\/sin-categoria\\\/inscripciones-abiertas\\\/#primaryimage\"},\"thumbnailUrl\":\"https:\\\/\\\/www.bicebebolivia.com\\\/blog\\\/wp-content\\\/uploads\\\/2023\\\/08\\\/16.png\",\"datePublished\":\"2023-08-16T14:03:42+00:00\",\"dateModified\":\"2023-08-16T14:04:58+00:00\",\"author\":{\"@id\":\"https:\\\/\\\/www.bicebebolivia.com\\\/blog\\\/#\\\/schema\\\/person\\\/26ad6d9a9ae3f5b7dcc077474d935c36\"},\"breadcrumb\":{\"@id\":\"https:\\\/\\\/www.bicebebolivia.com\\\/blog\\\/sin-categoria\\\/inscripciones-abiertas\\\/#breadcrumb\"},\"inLanguage\":\"es\",\"potentialAction\":[{\"@type\":\"ReadAction\",\"target\":[\"https:\\\/\\\/www.bicebebolivia.com\\\/blog\\\/sin-categoria\\\/inscripciones-abiertas\\\/\"]}]},{\"@type\":\"ImageObject\",\"inLanguage\":\"es\",\"@id\":\"https:\\\/\\\/www.bicebebolivia.com\\\/blog\\\/sin-categoria\\\/inscripciones-abiertas\\\/#primaryimage\",\"url\":\"https:\\\/\\\/www.bicebebolivia.com\\\/blog\\\/wp-content\\\/uploads\\\/2023\\\/08\\\/16.png\",\"contentUrl\":\"https:\\\/\\\/www.bicebebolivia.com\\\/blog\\\/wp-content\\\/uploads\\\/2023\\\/08\\\/16.png\",\"width\":1536,\"height\":949},{\"@type\":\"BreadcrumbList\",\"@id\":\"https:\\\/\\\/www.bicebebolivia.com\\\/blog\\\/sin-categoria\\\/inscripciones-abiertas\\\/#breadcrumb\",\"itemListElement\":[{\"@type\":\"ListItem\",\"position\":1,\"name\":\"Portada\",\"item\":\"https:\\\/\\\/www.bicebebolivia.com\\\/blog\\\/\"},{\"@type\":\"ListItem\",\"position\":2,\"name\":\"BICeB\u00e9 2023: Se abren las inscripciones para los talleres, conferencias y charlas que se llevar\u00e1n a cabo en Santa Cruz y La Paz\"}]},{\"@type\":\"WebSite\",\"@id\":\"https:\\\/\\\/www.bicebebolivia.com\\\/blog\\\/#website\",\"url\":\"https:\\\/\\\/www.bicebebolivia.com\\\/blog\\\/\",\"name\":\"BICeB\u00e9 Blog\",\"description\":\"Bienal del Cartel Bolivia 2021\",\"potentialAction\":[{\"@type\":\"SearchAction\",\"target\":{\"@type\":\"EntryPoint\",\"urlTemplate\":\"https:\\\/\\\/www.bicebebolivia.com\\\/blog\\\/?s={search_term_string}\"},\"query-input\":{\"@type\":\"PropertyValueSpecification\",\"valueRequired\":true,\"valueName\":\"search_term_string\"}}],\"inLanguage\":\"es\"},{\"@type\":\"Person\",\"@id\":\"https:\\\/\\\/www.bicebebolivia.com\\\/blog\\\/#\\\/schema\\\/person\\\/26ad6d9a9ae3f5b7dcc077474d935c36\",\"name\":\"Bienal del Cartel Bolivia BICeB\u00e9\",\"image\":{\"@type\":\"ImageObject\",\"inLanguage\":\"es\",\"@id\":\"https:\\\/\\\/secure.gravatar.com\\\/avatar\\\/7a4b5272639cc73d859204e94c716e9d0dc61543d7f9a64cca5162eb3a30fabb?s=96&d=mm&r=g\",\"url\":\"https:\\\/\\\/secure.gravatar.com\\\/avatar\\\/7a4b5272639cc73d859204e94c716e9d0dc61543d7f9a64cca5162eb3a30fabb?s=96&d=mm&r=g\",\"contentUrl\":\"https:\\\/\\\/secure.gravatar.com\\\/avatar\\\/7a4b5272639cc73d859204e94c716e9d0dc61543d7f9a64cca5162eb3a30fabb?s=96&d=mm&r=g\",\"caption\":\"Bienal del Cartel Bolivia BICeB\u00e9\"},\"url\":\"https:\\\/\\\/www.bicebebolivia.com\\\/blog\\\/author\\\/bicebe_usser\\\/\"}]}<\/script>\n<!-- \/ Yoast SEO plugin. -->","yoast_head_json":{"title":"BICeB\u00e9 2023: Se abren las inscripciones para los talleres, conferencias y charlas que se llevar\u00e1n a cabo en Santa Cruz y La Paz - BICeB\u00e9 Blog","robots":{"index":"index","follow":"follow","max-snippet":"max-snippet:-1","max-image-preview":"max-image-preview:large","max-video-preview":"max-video-preview:-1"},"canonical":"https:\/\/www.bicebebolivia.com\/blog\/sin-categoria\/inscripciones-abiertas\/","og_locale":"es_ES","og_type":"article","og_title":"BICeB\u00e9 2023: Se abren las inscripciones para los talleres, conferencias y charlas que se llevar\u00e1n a cabo en Santa Cruz y La Paz - BICeB\u00e9 Blog","og_description":"Hay un descuento del 10% para quienes se inscriban hasta el 16 de septiembre. La Bienal del Cartel Bolivia se inicia el 20 de noviembre en Santa Cruz. La Bienal del Cartel Bolivia BICeB\u00e9 2023 habilita las inscripciones para los diferentes talleres, conferencias y charlas que se realizar\u00e1n tanto en Santa Cruz (del 20 al &hellip; Sigue leyendo BICeB\u00e9 2023: Se abren las inscripciones para los talleres, conferencias y charlas que se llevar\u00e1n a cabo en Santa Cruz y La Paz","og_url":"https:\/\/www.bicebebolivia.com\/blog\/sin-categoria\/inscripciones-abiertas\/","og_site_name":"BICeB\u00e9 Blog","article_publisher":"https:\/\/www.facebook.com\/BICeBe","article_published_time":"2023-08-16T14:03:42+00:00","article_modified_time":"2023-08-16T14:04:58+00:00","og_image":[{"width":1024,"height":633,"url":"http:\/\/www.bicebebolivia.com\/blog\/wp-content\/uploads\/2023\/08\/16-1024x633.png","type":"image\/png"}],"author":"Bienal del Cartel Bolivia BICeB\u00e9","twitter_misc":{"Escrito por":"Bienal del Cartel Bolivia BICeB\u00e9","Tiempo de lectura":"3 minutos"},"schema":{"@context":"https:\/\/schema.org","@graph":[{"@type":"Article","@id":"https:\/\/www.bicebebolivia.com\/blog\/sin-categoria\/inscripciones-abiertas\/#article","isPartOf":{"@id":"https:\/\/www.bicebebolivia.com\/blog\/sin-categoria\/inscripciones-abiertas\/"},"author":{"name":"Bienal del Cartel Bolivia BICeB\u00e9","@id":"https:\/\/www.bicebebolivia.com\/blog\/#\/schema\/person\/26ad6d9a9ae3f5b7dcc077474d935c36"},"headline":"BICeB\u00e9 2023: Se abren las inscripciones para los talleres, conferencias y charlas que se llevar\u00e1n a cabo en Santa Cruz y La Paz","datePublished":"2023-08-16T14:03:42+00:00","dateModified":"2023-08-16T14:04:58+00:00","mainEntityOfPage":{"@id":"https:\/\/www.bicebebolivia.com\/blog\/sin-categoria\/inscripciones-abiertas\/"},"wordCount":439,"commentCount":0,"image":{"@id":"https:\/\/www.bicebebolivia.com\/blog\/sin-categoria\/inscripciones-abiertas\/#primaryimage"},"thumbnailUrl":"https:\/\/www.bicebebolivia.com\/blog\/wp-content\/uploads\/2023\/08\/16.png","articleSection":["Noticias"],"inLanguage":"es","potentialAction":[{"@type":"CommentAction","name":"Comment","target":["https:\/\/www.bicebebolivia.com\/blog\/sin-categoria\/inscripciones-abiertas\/#respond"]}]},{"@type":"WebPage","@id":"https:\/\/www.bicebebolivia.com\/blog\/sin-categoria\/inscripciones-abiertas\/","url":"https:\/\/www.bicebebolivia.com\/blog\/sin-categoria\/inscripciones-abiertas\/","name":"BICeB\u00e9 2023: Se abren las inscripciones para los talleres, conferencias y charlas que se llevar\u00e1n a cabo en Santa Cruz y La Paz - BICeB\u00e9 Blog","isPartOf":{"@id":"https:\/\/www.bicebebolivia.com\/blog\/#website"},"primaryImageOfPage":{"@id":"https:\/\/www.bicebebolivia.com\/blog\/sin-categoria\/inscripciones-abiertas\/#primaryimage"},"image":{"@id":"https:\/\/www.bicebebolivia.com\/blog\/sin-categoria\/inscripciones-abiertas\/#primaryimage"},"thumbnailUrl":"https:\/\/www.bicebebolivia.com\/blog\/wp-content\/uploads\/2023\/08\/16.png","datePublished":"2023-08-16T14:03:42+00:00","dateModified":"2023-08-16T14:04:58+00:00","author":{"@id":"https:\/\/www.bicebebolivia.com\/blog\/#\/schema\/person\/26ad6d9a9ae3f5b7dcc077474d935c36"},"breadcrumb":{"@id":"https:\/\/www.bicebebolivia.com\/blog\/sin-categoria\/inscripciones-abiertas\/#breadcrumb"},"inLanguage":"es","potentialAction":[{"@type":"ReadAction","target":["https:\/\/www.bicebebolivia.com\/blog\/sin-categoria\/inscripciones-abiertas\/"]}]},{"@type":"ImageObject","inLanguage":"es","@id":"https:\/\/www.bicebebolivia.com\/blog\/sin-categoria\/inscripciones-abiertas\/#primaryimage","url":"https:\/\/www.bicebebolivia.com\/blog\/wp-content\/uploads\/2023\/08\/16.png","contentUrl":"https:\/\/www.bicebebolivia.com\/blog\/wp-content\/uploads\/2023\/08\/16.png","width":1536,"height":949},{"@type":"BreadcrumbList","@id":"https:\/\/www.bicebebolivia.com\/blog\/sin-categoria\/inscripciones-abiertas\/#breadcrumb","itemListElement":[{"@type":"ListItem","position":1,"name":"Portada","item":"https:\/\/www.bicebebolivia.com\/blog\/"},{"@type":"ListItem","position":2,"name":"BICeB\u00e9 2023: Se abren las inscripciones para los talleres, conferencias y charlas que se llevar\u00e1n a cabo en Santa Cruz y La Paz"}]},{"@type":"WebSite","@id":"https:\/\/www.bicebebolivia.com\/blog\/#website","url":"https:\/\/www.bicebebolivia.com\/blog\/","name":"BICeB\u00e9 Blog","description":"Bienal del Cartel Bolivia 2021","potentialAction":[{"@type":"SearchAction","target":{"@type":"EntryPoint","urlTemplate":"https:\/\/www.bicebebolivia.com\/blog\/?s={search_term_string}"},"query-input":{"@type":"PropertyValueSpecification","valueRequired":true,"valueName":"search_term_string"}}],"inLanguage":"es"},{"@type":"Person","@id":"https:\/\/www.bicebebolivia.com\/blog\/#\/schema\/person\/26ad6d9a9ae3f5b7dcc077474d935c36","name":"Bienal del Cartel Bolivia BICeB\u00e9","image":{"@type":"ImageObject","inLanguage":"es","@id":"https:\/\/secure.gravatar.com\/avatar\/7a4b5272639cc73d859204e94c716e9d0dc61543d7f9a64cca5162eb3a30fabb?s=96&d=mm&r=g","url":"https:\/\/secure.gravatar.com\/avatar\/7a4b5272639cc73d859204e94c716e9d0dc61543d7f9a64cca5162eb3a30fabb?s=96&d=mm&r=g","contentUrl":"https:\/\/secure.gravatar.com\/avatar\/7a4b5272639cc73d859204e94c716e9d0dc61543d7f9a64cca5162eb3a30fabb?s=96&d=mm&r=g","caption":"Bienal del Cartel Bolivia BICeB\u00e9"},"url":"https:\/\/www.bicebebolivia.com\/blog\/author\/bicebe_usser\/"}]}},"_links":{"self":[{"href":"https:\/\/www.bicebebolivia.com\/blog\/wp-json\/wp\/v2\/posts\/647","targetHints":{"allow":["GET"]}}],"collection":[{"href":"https:\/\/www.bicebebolivia.com\/blog\/wp-json\/wp\/v2\/posts"}],"about":[{"href":"https:\/\/www.bicebebolivia.com\/blog\/wp-json\/wp\/v2\/types\/post"}],"author":[{"embeddable":true,"href":"https:\/\/www.bicebebolivia.com\/blog\/wp-json\/wp\/v2\/users\/2"}],"replies":[{"embeddable":true,"href":"https:\/\/www.bicebebolivia.com\/blog\/wp-json\/wp\/v2\/comments?post=647"}],"version-history":[{"count":1,"href":"https:\/\/www.bicebebolivia.com\/blog\/wp-json\/wp\/v2\/posts\/647\/revisions"}],"predecessor-version":[{"id":648,"href":"https:\/\/www.bicebebolivia.com\/blog\/wp-json\/wp\/v2\/posts\/647\/revisions\/648"}],"wp:featuredmedia":[{"embeddable":true,"href":"https:\/\/www.bicebebolivia.com\/blog\/wp-json\/wp\/v2\/media\/644"}],"wp:attachment":[{"href":"https:\/\/www.bicebebolivia.com\/blog\/wp-json\/wp\/v2\/media?parent=647"}],"wp:term":[{"taxonomy":"category","embeddable":true,"href":"https:\/\/www.bicebebolivia.com\/blog\/wp-json\/wp\/v2\/categories?post=647"},{"taxonomy":"post_tag","embeddable":true,"href":"https:\/\/www.bicebebolivia.com\/blog\/wp-json\/wp\/v2\/tags?post=647"}],"curies":[{"name":"wp","href":"https:\/\/api.w.org\/{rel}","templated":true}]}}