{"id":713,"date":"2024-04-27T11:40:59","date_gmt":"2024-04-27T15:40:59","guid":{"rendered":"https:\/\/www.bicebebolivia.com\/blog\/?p=713"},"modified":"2024-04-27T22:44:28","modified_gmt":"2024-04-28T02:44:28","slug":"es-amable","status":"publish","type":"post","link":"https:\/\/www.bicebebolivia.com\/blog\/ico-d\/es-amable\/","title":{"rendered":"\u00bfEs amable?"},"content":{"rendered":"\n<p><strong>ICoD anuncia el tema del D\u00eda Internacional del Dise\u00f1o 2024<\/strong><\/p>\n\n\n\n<h2 class=\"wp-block-heading\"><em>\u00bfQu\u00e9 pasar\u00eda si los dise\u00f1adores preguntaran primero si es amable? \u00bfQu\u00e9 pasar\u00eda si la medida del dise\u00f1o fuera qu\u00e9 tan \u00fatil es para las personas y sus relaciones en lugar de qu\u00e9 tan rentable es? El tema del D\u00eda Internacional del Dise\u00f1o de este a\u00f1o trata sobre incorporar la bondad en la pr\u00e1ctica del dise\u00f1o y presenta un foro internacional producido por la Asociaci\u00f3n de Dise\u00f1o de Lituania (LDA), miembro de ICoD.<\/em><\/h2>\n\n\n\n<div class=\"wp-block-group\"><div class=\"wp-block-group__inner-container is-layout-flow wp-block-group-is-layout-flow\">\n<h2 class=\"wp-block-heading\"><em>\u00bfEl tema es amable? propone una nueva m\u00e9trica de bondad del dise\u00f1o: el est\u00e1ndar de bondad. Y define qu\u00e9 tipo de dise\u00f1o es. Este a\u00f1o preguntamos a los Miembros c\u00f3mo est\u00e1n dise\u00f1ando para transformar los sistemas actuales en posibilidades de dise\u00f1ar con amabilidad, para garantizar un futuro m\u00e1s amable para todos.<\/em><\/h2>\n<\/div><\/div>\n\n\n\n<p><\/p>\n\n\n\n<figure class=\"wp-block-image size-large\"><a href=\"https:\/\/www.bicebebolivia.com\/blog\/wp-content\/uploads\/2024\/04\/Poster-screengrab.png\"><img loading=\"lazy\" decoding=\"async\" width=\"723\" height=\"1024\" src=\"https:\/\/www.bicebebolivia.com\/blog\/wp-content\/uploads\/2024\/04\/Poster-screengrab-723x1024.png\" alt=\"\" class=\"wp-image-714\" srcset=\"https:\/\/www.bicebebolivia.com\/blog\/wp-content\/uploads\/2024\/04\/Poster-screengrab-723x1024.png 723w, https:\/\/www.bicebebolivia.com\/blog\/wp-content\/uploads\/2024\/04\/Poster-screengrab-212x300.png 212w, https:\/\/www.bicebebolivia.com\/blog\/wp-content\/uploads\/2024\/04\/Poster-screengrab-768x1088.png 768w, https:\/\/www.bicebebolivia.com\/blog\/wp-content\/uploads\/2024\/04\/Poster-screengrab.png 830w\" sizes=\"auto, (max-width: 723px) 100vw, 723px\" \/><\/a><\/figure>\n\n\n\n<p><\/p>\n\n\n\n<p><\/p>\n\n\n\n<p><strong>\u00bfPOR QU\u00c9 ES TAN DIF\u00cdCIL DISE\u00d1AR CON BONDAD?<\/strong><\/p>\n\n\n\n<p>La bondad es inherente al ser humano. Los humanos nacemos con una gran capacidad para sentir compasi\u00f3n y cuidado por los dem\u00e1s, \u00e9tica y principios que incluyen la humildad, el respeto, la empat\u00eda, la reciprocidad y el amor, entre otros. La bondad es tambi\u00e9n una cualidad de atenci\u00f3n a las relaciones que nos rodean y definen qui\u00e9nes somos. Puede ayudar a crear una sensaci\u00f3n de armon\u00eda y paz en todos y cada uno de nuestros mundos. Y, sin embargo, estamos en un punto de inflexi\u00f3n en la historia del mundo, donde la armon\u00eda a trav\u00e9s de la bondad puede parecer imposible. La innovaci\u00f3n tecnol\u00f3gica insuperable y las posibilidades escaladas tambi\u00e9n traen consigo inequidad social e incertidumbre pol\u00edtica y ambiental. Se han cometido tanto avances como errores y, al imaginar y dise\u00f1ar estos mundos, tambi\u00e9n debemos tener en cuenta los sistemas que han creado conjuntos injustos y sistemas de relaciones que son dif\u00edciles de desenredar.<\/p>\n\n\n\n<p>Disponemos de muchas m\u00e9tricas para juzgar el valor de un dise\u00f1o. \u00bfSe vender\u00e1 bien? \u00bfEs sostenible? \u00bfEs innovador? \u00bfCulturalmente relevante? Pero no siempre tenemos el reflejo de preguntarnos\u2026 \u00bfeste dise\u00f1o hace que el mundo sea (aunque sea un poco) mejor? \u00bfNos hace m\u00e1s felices?<\/p>\n\n\n\n<p>Creemos que deber\u00edamos hacernos estas preguntas. En un mundo donde el \u00e9xito del mercado puede estar re\u00f1ido con la equidad social, la salud humana e incluso el propio bienestar del usuario, necesitamos un nuevo bar\u00f3metro del \u00e9xito: cuidar a las personas que se ven afectadas por los dise\u00f1os. Antes de a\u00f1adir algo nuevo al mundo, todo dise\u00f1ador deber\u00eda preguntarse: \u00bfes amable?<\/p>\n\n\n\n<p><strong>EL EST\u00c1NDAR DE BONDAD<br>(desarrollando m\u00e9tricas para la bondad)<\/strong><\/p>\n\n\n\n<p>\u00bfQu\u00e9 pasar\u00eda si el dise\u00f1o se midiera por lo amable que es para el mundo? \u00bfCu\u00e1nto cuidado tienes, no s\u00f3lo por las personas que utilizan el dise\u00f1o, sino tambi\u00e9n por las personas que extraen las materias primas, fabrican los productos, por las personas que viven cerca de las f\u00e1bricas y por el entorno en el que la gente necesita vivir? \u00bfQu\u00e9 pasar\u00eda si el dise\u00f1o se considerara en t\u00e9rminos de si es \u00e9tico y bueno y mejora el mundo de alguna manera o si es desagradable en peque\u00f1as o grandes formas? \u00bfEs compasivo con el sufrimiento de las personas involucradas en la cadena de valor que lo crea?<\/p>\n\n\n\n<p>Desarrollar una m\u00e9trica para la bondad e incorporar la bondad en la pr\u00e1ctica del dise\u00f1o significa:<\/p>\n\n\n\n<p>Reconfigurando el valor y las m\u00e9tricas del dise\u00f1o. Si tu m\u00e9trica es el dinero y est\u00e1s creando cosas que son a expensas del bienestar de las personas, este no es un dise\u00f1o valioso. \u00bfQu\u00e9 tal inventar una medida de dise\u00f1o basada en el tipo de relaciones y \u00e9tica que genera? \u00bfCu\u00e1nto y qu\u00e9 calidad de la atenci\u00f3n da forma al dise\u00f1o cambia el modelo econ\u00f3mico de crear deseo (y ganar m\u00e1s \u201ccosas\u201d y dinero) para considerar en lugar de apremiar cuestiones de justicia: qui\u00e9n est\u00e1 siendo considerado y qui\u00e9n queda fuera? \u00bfEl futuro de qui\u00e9n se ver\u00e1 afectado y c\u00f3mo? \u00bfCu\u00e1nta armon\u00eda genera este dise\u00f1o ahora y en el futuro? \u00bfQu\u00e9 tipo de mundo defiende\/imagina de nuevo este dise\u00f1o?<\/p>\n\n\n\n<p>Para el D\u00eda Internacional del Dise\u00f1o queremos dar un paso m\u00e1s. No basta simplemente con cumplir los criterios para no ser \u00abmalo\u00bb, queremos ver un mundo donde el dise\u00f1o se esfuerce por ser amable, generoso y solidario. Al tener est\u00e1ndares para nosotros que superen los est\u00e1ndares regulatorios, al introducir maravilla y belleza en la experiencia del usuario y al mostrar atenci\u00f3n no solo a los consumidores de nuestros productos sino tambi\u00e9n a todos aquellos que est\u00e1n en la cadena de valor y son impactados por el dise\u00f1o.<\/p>\n\n\n\n<p>\u00bfQu\u00e9 pasar\u00eda si dise\u00f1ar con cuidado y compasi\u00f3n fuera emocionante, significativo y deseable?<\/p>\n\n\n\n<p><strong>DEFINIENDO EL DISE\u00d1O AMABLE<\/strong><\/p>\n\n\n\n<p>Cuando preguntamos, \u00bfes amable? \u00bfC\u00f3mo definimos la bondad en el dise\u00f1o? \u00bfC\u00f3mo incorporamos la bondad en nuestra pr\u00e1ctica de dise\u00f1o?<\/p>\n\n\n\n<p>Definir el dise\u00f1o de bondad e incorporar la bondad en la pr\u00e1ctica del dise\u00f1o significa:<\/p>\n\n\n\n<p><strong>Centrar a la humanidad. <\/strong>Esto significa centrarse en el bien de los usuarios, de los afectados por el dise\u00f1o y tambi\u00e9n de la sociedad que les rodea. Este es un concepto que hemos mencionado muchas veces antes (consulte el C\u00f3digo de conducta profesional). Esto significa centrar el proceso de dise\u00f1o (y la forma en que medimos su \u00e9xito) en los impactos que el dise\u00f1o tiene en el bienestar de la sociedad que lo rodea. se ve afectado por el dise\u00f1o utilizando la capacidad de compasi\u00f3n y cuidado de los dise\u00f1adores. Es clave hacer una distinci\u00f3n entre el usuario y el no usuario que pueden verse afectados por el dise\u00f1o.<\/p>\n\n\n\n<p><strong>Construyendo pluralidad. <\/strong>El dise\u00f1o amable puede ser participativo, de orientaci\u00f3n social y abierto. En este modelo plural, se podr\u00eda pensar en el dise\u00f1ador como un facilitador que crea espacio para que las pr\u00e1cticas etnogr\u00e1ficas, participativas y colaborativas se crucen. \u201cUn mundo de muchos mundos\u201d (Cuarta Declaraci\u00f3n de la Selva Lacandona 1996) considera c\u00f3mo conocimientos y pr\u00e1cticas divergentes crean mundos para llegar a algo plural, \u201cun mundo en el que quepan muchos mundos\u201d. Permitir que mundos diferentes est\u00e9n uno al lado del otro es una mentalidad que puede influir en la pr\u00e1ctica del dise\u00f1o. En tal relaci\u00f3n rec\u00edproca, los dise\u00f1os pueden ser independientes pero tambi\u00e9n anidados dentro de un conjunto de configuraciones de dise\u00f1o diferentes. Esto incluye no s\u00f3lo diferencias en las pr\u00e1cticas de dise\u00f1o entre personas de diferentes lugares del mundo, sino tambi\u00e9n una apertura a la colaboraci\u00f3n en una pluralidad de campos y expertos al considerar c\u00f3mo resolver un problema de dise\u00f1o situado.<\/p>\n\n\n\n<p><strong>\u201cEstar en buena relaci\u00f3n\u201d<\/strong> es un concepto propuesto por el acad\u00e9mico de Dakota Kim Tallbear (2019) que implica comprender la interdependencia de todos los seres vivos, incluidos todos los mundos humanos y no humanos. Todos los humanos comparten diferencias e igualdad en las relaciones con su entorno, con la tierra, el agua, los animales y sus comunidades humanas y realidades materiales. Como parte de su proceso, los dise\u00f1adores pueden estar atentos a estas relaciones como una especie de vasta red de efectos entrelazados. Es importante destacar que los m\u00e1s afectados por el dise\u00f1o probablemente tengan el camino a seguir m\u00e1s claro, m\u00e1s \u00e9tico y basado en principios, y deben ser consultados primero. Construir redes alternativas de relaciones basadas en la bondad es parte de ello.<\/p>\n\n\n\n<p>Insp\u00edrarse en el genial modelo del deber de la diligencia. En terminolog\u00eda jur\u00eddica, un deber de cuidado es una obligaci\u00f3n legal que requiere que las personas cumplan con un est\u00e1ndar de cuidado razonable para evitar actos descuidados que causen da\u00f1o (ya sea visible ahora, en el presente o en el futuro, como una herencia material). El dise\u00f1o amable como est\u00e1ndar de atenci\u00f3n significa mirar hacia el futuro para evaluar los resultados previsibles de lo que se est\u00e1 dise\u00f1ando y garantizar que la atenci\u00f3n d\u00e9 forma a todos los pasos del dise\u00f1o, qui\u00e9nes se ver\u00e1n afectados y qu\u00e9 consecuencias podr\u00edan surgir en el futuro.<\/p>\n\n\n\n<p><em>Dise\u00f1ar con amabilidad como medida de valor sirve para desafiar los sistemas existentes y las presiones para dise\u00f1ar con fines de lucro. Y luego transformarlos en posibilidades para construir nuevos tipos de relaciones y una nueva medida de dise\u00f1o que asegure un futuro que sea socialmente equitativo, ambientalmente sostenible, culturalmente diverso y econ\u00f3micamente viable.<\/em><\/p>\n\n\n\n<p><em>Dise\u00f1o con bondad en su n\u00facleo: \u00bfes amable? \u2014 sigue esta \u00e9tica y principios.\u2028\u2028<\/em><\/p>\n\n\n\n<p><strong>FUENTE: https:\/\/www.theicod.org\/<\/strong><\/p>\n","protected":false},"excerpt":{"rendered":"<p>ICoD anuncia el tema del D\u00eda Internacional del Dise\u00f1o 2024 \u00bfQu\u00e9 pasar\u00eda si los dise\u00f1adores preguntaran primero si es amable? \u00bfQu\u00e9 pasar\u00eda si la medida del dise\u00f1o fuera qu\u00e9 tan \u00fatil es para las personas y sus relaciones en lugar de qu\u00e9 tan rentable es? El tema del D\u00eda Internacional del Dise\u00f1o de este a\u00f1o &hellip; <a href=\"https:\/\/www.bicebebolivia.com\/blog\/ico-d\/es-amable\/\" class=\"more-link\">Sigue leyendo <span class=\"screen-reader-text\">\u00bfEs amable?<\/span><\/a><\/p>\n","protected":false},"author":2,"featured_media":715,"comment_status":"open","ping_status":"open","sticky":false,"template":"","format":"standard","meta":{"footnotes":""},"categories":[65,1],"tags":[],"class_list":["post-713","post","type-post","status-publish","format-standard","has-post-thumbnail","hentry","category-ico-d","category-sin-categoria"],"yoast_head":"<!-- This site is optimized with the Yoast SEO plugin v27.5 - https:\/\/yoast.com\/product\/yoast-seo-wordpress\/ -->\n<title>\u00bfEs amable? - BICeB\u00e9 Blog<\/title>\n<meta name=\"robots\" content=\"index, follow, max-snippet:-1, max-image-preview:large, max-video-preview:-1\" \/>\n<link rel=\"canonical\" href=\"https:\/\/www.bicebebolivia.com\/blog\/ico-d\/es-amable\/\" \/>\n<meta property=\"og:locale\" content=\"es_ES\" \/>\n<meta property=\"og:type\" content=\"article\" \/>\n<meta property=\"og:title\" content=\"\u00bfEs amable? - BICeB\u00e9 Blog\" \/>\n<meta property=\"og:description\" content=\"ICoD anuncia el tema del D\u00eda Internacional del Dise\u00f1o 2024 \u00bfQu\u00e9 pasar\u00eda si los dise\u00f1adores preguntaran primero si es amable? \u00bfQu\u00e9 pasar\u00eda si la medida del dise\u00f1o fuera qu\u00e9 tan \u00fatil es para las personas y sus relaciones en lugar de qu\u00e9 tan rentable es? El tema del D\u00eda Internacional del Dise\u00f1o de este a\u00f1o &hellip; Sigue leyendo \u00bfEs amable?\" \/>\n<meta property=\"og:url\" content=\"https:\/\/www.bicebebolivia.com\/blog\/ico-d\/es-amable\/\" \/>\n<meta property=\"og:site_name\" content=\"BICeB\u00e9 Blog\" \/>\n<meta property=\"article:publisher\" content=\"https:\/\/www.facebook.com\/BICeBe\" \/>\n<meta property=\"article:published_time\" content=\"2024-04-27T15:40:59+00:00\" \/>\n<meta property=\"article:modified_time\" content=\"2024-04-28T02:44:28+00:00\" \/>\n<meta property=\"og:image\" content=\"http:\/\/www.bicebebolivia.com\/blog\/wp-content\/uploads\/2024\/04\/04.24.png\" \/>\n\t<meta property=\"og:image:width\" content=\"1536\" \/>\n\t<meta property=\"og:image:height\" content=\"807\" \/>\n\t<meta property=\"og:image:type\" content=\"image\/png\" \/>\n<meta name=\"author\" content=\"Bienal del Cartel Bolivia BICeB\u00e9\" \/>\n<meta name=\"twitter:label1\" content=\"Escrito por\" \/>\n\t<meta name=\"twitter:data1\" content=\"Bienal del Cartel Bolivia BICeB\u00e9\" \/>\n\t<meta name=\"twitter:label2\" content=\"Tiempo de lectura\" \/>\n\t<meta name=\"twitter:data2\" content=\"7 minutos\" \/>\n<script type=\"application\/ld+json\" class=\"yoast-schema-graph\">{\"@context\":\"https:\\\/\\\/schema.org\",\"@graph\":[{\"@type\":\"Article\",\"@id\":\"https:\\\/\\\/www.bicebebolivia.com\\\/blog\\\/ico-d\\\/es-amable\\\/#article\",\"isPartOf\":{\"@id\":\"https:\\\/\\\/www.bicebebolivia.com\\\/blog\\\/ico-d\\\/es-amable\\\/\"},\"author\":{\"name\":\"Bienal del Cartel Bolivia BICeB\u00e9\",\"@id\":\"https:\\\/\\\/www.bicebebolivia.com\\\/blog\\\/#\\\/schema\\\/person\\\/26ad6d9a9ae3f5b7dcc077474d935c36\"},\"headline\":\"\u00bfEs amable?\",\"datePublished\":\"2024-04-27T15:40:59+00:00\",\"dateModified\":\"2024-04-28T02:44:28+00:00\",\"mainEntityOfPage\":{\"@id\":\"https:\\\/\\\/www.bicebebolivia.com\\\/blog\\\/ico-d\\\/es-amable\\\/\"},\"wordCount\":1527,\"commentCount\":1,\"image\":{\"@id\":\"https:\\\/\\\/www.bicebebolivia.com\\\/blog\\\/ico-d\\\/es-amable\\\/#primaryimage\"},\"thumbnailUrl\":\"https:\\\/\\\/www.bicebebolivia.com\\\/blog\\\/wp-content\\\/uploads\\\/2024\\\/04\\\/04.24.png\",\"articleSection\":[\"ico-d\",\"Noticias\"],\"inLanguage\":\"es\",\"potentialAction\":[{\"@type\":\"CommentAction\",\"name\":\"Comment\",\"target\":[\"https:\\\/\\\/www.bicebebolivia.com\\\/blog\\\/ico-d\\\/es-amable\\\/#respond\"]}]},{\"@type\":\"WebPage\",\"@id\":\"https:\\\/\\\/www.bicebebolivia.com\\\/blog\\\/ico-d\\\/es-amable\\\/\",\"url\":\"https:\\\/\\\/www.bicebebolivia.com\\\/blog\\\/ico-d\\\/es-amable\\\/\",\"name\":\"\u00bfEs amable? - BICeB\u00e9 Blog\",\"isPartOf\":{\"@id\":\"https:\\\/\\\/www.bicebebolivia.com\\\/blog\\\/#website\"},\"primaryImageOfPage\":{\"@id\":\"https:\\\/\\\/www.bicebebolivia.com\\\/blog\\\/ico-d\\\/es-amable\\\/#primaryimage\"},\"image\":{\"@id\":\"https:\\\/\\\/www.bicebebolivia.com\\\/blog\\\/ico-d\\\/es-amable\\\/#primaryimage\"},\"thumbnailUrl\":\"https:\\\/\\\/www.bicebebolivia.com\\\/blog\\\/wp-content\\\/uploads\\\/2024\\\/04\\\/04.24.png\",\"datePublished\":\"2024-04-27T15:40:59+00:00\",\"dateModified\":\"2024-04-28T02:44:28+00:00\",\"author\":{\"@id\":\"https:\\\/\\\/www.bicebebolivia.com\\\/blog\\\/#\\\/schema\\\/person\\\/26ad6d9a9ae3f5b7dcc077474d935c36\"},\"breadcrumb\":{\"@id\":\"https:\\\/\\\/www.bicebebolivia.com\\\/blog\\\/ico-d\\\/es-amable\\\/#breadcrumb\"},\"inLanguage\":\"es\",\"potentialAction\":[{\"@type\":\"ReadAction\",\"target\":[\"https:\\\/\\\/www.bicebebolivia.com\\\/blog\\\/ico-d\\\/es-amable\\\/\"]}]},{\"@type\":\"ImageObject\",\"inLanguage\":\"es\",\"@id\":\"https:\\\/\\\/www.bicebebolivia.com\\\/blog\\\/ico-d\\\/es-amable\\\/#primaryimage\",\"url\":\"https:\\\/\\\/www.bicebebolivia.com\\\/blog\\\/wp-content\\\/uploads\\\/2024\\\/04\\\/04.24.png\",\"contentUrl\":\"https:\\\/\\\/www.bicebebolivia.com\\\/blog\\\/wp-content\\\/uploads\\\/2024\\\/04\\\/04.24.png\",\"width\":1536,\"height\":807},{\"@type\":\"BreadcrumbList\",\"@id\":\"https:\\\/\\\/www.bicebebolivia.com\\\/blog\\\/ico-d\\\/es-amable\\\/#breadcrumb\",\"itemListElement\":[{\"@type\":\"ListItem\",\"position\":1,\"name\":\"Portada\",\"item\":\"https:\\\/\\\/www.bicebebolivia.com\\\/blog\\\/\"},{\"@type\":\"ListItem\",\"position\":2,\"name\":\"\u00bfEs amable?\"}]},{\"@type\":\"WebSite\",\"@id\":\"https:\\\/\\\/www.bicebebolivia.com\\\/blog\\\/#website\",\"url\":\"https:\\\/\\\/www.bicebebolivia.com\\\/blog\\\/\",\"name\":\"BICeB\u00e9 Blog\",\"description\":\"Bienal del Cartel Bolivia 2021\",\"potentialAction\":[{\"@type\":\"SearchAction\",\"target\":{\"@type\":\"EntryPoint\",\"urlTemplate\":\"https:\\\/\\\/www.bicebebolivia.com\\\/blog\\\/?s={search_term_string}\"},\"query-input\":{\"@type\":\"PropertyValueSpecification\",\"valueRequired\":true,\"valueName\":\"search_term_string\"}}],\"inLanguage\":\"es\"},{\"@type\":\"Person\",\"@id\":\"https:\\\/\\\/www.bicebebolivia.com\\\/blog\\\/#\\\/schema\\\/person\\\/26ad6d9a9ae3f5b7dcc077474d935c36\",\"name\":\"Bienal del Cartel Bolivia BICeB\u00e9\",\"image\":{\"@type\":\"ImageObject\",\"inLanguage\":\"es\",\"@id\":\"https:\\\/\\\/secure.gravatar.com\\\/avatar\\\/7a4b5272639cc73d859204e94c716e9d0dc61543d7f9a64cca5162eb3a30fabb?s=96&d=mm&r=g\",\"url\":\"https:\\\/\\\/secure.gravatar.com\\\/avatar\\\/7a4b5272639cc73d859204e94c716e9d0dc61543d7f9a64cca5162eb3a30fabb?s=96&d=mm&r=g\",\"contentUrl\":\"https:\\\/\\\/secure.gravatar.com\\\/avatar\\\/7a4b5272639cc73d859204e94c716e9d0dc61543d7f9a64cca5162eb3a30fabb?s=96&d=mm&r=g\",\"caption\":\"Bienal del Cartel Bolivia BICeB\u00e9\"},\"url\":\"https:\\\/\\\/www.bicebebolivia.com\\\/blog\\\/author\\\/bicebe_usser\\\/\"}]}<\/script>\n<!-- \/ Yoast SEO plugin. -->","yoast_head_json":{"title":"\u00bfEs amable? - BICeB\u00e9 Blog","robots":{"index":"index","follow":"follow","max-snippet":"max-snippet:-1","max-image-preview":"max-image-preview:large","max-video-preview":"max-video-preview:-1"},"canonical":"https:\/\/www.bicebebolivia.com\/blog\/ico-d\/es-amable\/","og_locale":"es_ES","og_type":"article","og_title":"\u00bfEs amable? - BICeB\u00e9 Blog","og_description":"ICoD anuncia el tema del D\u00eda Internacional del Dise\u00f1o 2024 \u00bfQu\u00e9 pasar\u00eda si los dise\u00f1adores preguntaran primero si es amable? \u00bfQu\u00e9 pasar\u00eda si la medida del dise\u00f1o fuera qu\u00e9 tan \u00fatil es para las personas y sus relaciones en lugar de qu\u00e9 tan rentable es? El tema del D\u00eda Internacional del Dise\u00f1o de este a\u00f1o &hellip; Sigue leyendo \u00bfEs amable?","og_url":"https:\/\/www.bicebebolivia.com\/blog\/ico-d\/es-amable\/","og_site_name":"BICeB\u00e9 Blog","article_publisher":"https:\/\/www.facebook.com\/BICeBe","article_published_time":"2024-04-27T15:40:59+00:00","article_modified_time":"2024-04-28T02:44:28+00:00","og_image":[{"width":1536,"height":807,"url":"http:\/\/www.bicebebolivia.com\/blog\/wp-content\/uploads\/2024\/04\/04.24.png","type":"image\/png"}],"author":"Bienal del Cartel Bolivia BICeB\u00e9","twitter_misc":{"Escrito por":"Bienal del Cartel Bolivia BICeB\u00e9","Tiempo de lectura":"7 minutos"},"schema":{"@context":"https:\/\/schema.org","@graph":[{"@type":"Article","@id":"https:\/\/www.bicebebolivia.com\/blog\/ico-d\/es-amable\/#article","isPartOf":{"@id":"https:\/\/www.bicebebolivia.com\/blog\/ico-d\/es-amable\/"},"author":{"name":"Bienal del Cartel Bolivia BICeB\u00e9","@id":"https:\/\/www.bicebebolivia.com\/blog\/#\/schema\/person\/26ad6d9a9ae3f5b7dcc077474d935c36"},"headline":"\u00bfEs amable?","datePublished":"2024-04-27T15:40:59+00:00","dateModified":"2024-04-28T02:44:28+00:00","mainEntityOfPage":{"@id":"https:\/\/www.bicebebolivia.com\/blog\/ico-d\/es-amable\/"},"wordCount":1527,"commentCount":1,"image":{"@id":"https:\/\/www.bicebebolivia.com\/blog\/ico-d\/es-amable\/#primaryimage"},"thumbnailUrl":"https:\/\/www.bicebebolivia.com\/blog\/wp-content\/uploads\/2024\/04\/04.24.png","articleSection":["ico-d","Noticias"],"inLanguage":"es","potentialAction":[{"@type":"CommentAction","name":"Comment","target":["https:\/\/www.bicebebolivia.com\/blog\/ico-d\/es-amable\/#respond"]}]},{"@type":"WebPage","@id":"https:\/\/www.bicebebolivia.com\/blog\/ico-d\/es-amable\/","url":"https:\/\/www.bicebebolivia.com\/blog\/ico-d\/es-amable\/","name":"\u00bfEs amable? - BICeB\u00e9 Blog","isPartOf":{"@id":"https:\/\/www.bicebebolivia.com\/blog\/#website"},"primaryImageOfPage":{"@id":"https:\/\/www.bicebebolivia.com\/blog\/ico-d\/es-amable\/#primaryimage"},"image":{"@id":"https:\/\/www.bicebebolivia.com\/blog\/ico-d\/es-amable\/#primaryimage"},"thumbnailUrl":"https:\/\/www.bicebebolivia.com\/blog\/wp-content\/uploads\/2024\/04\/04.24.png","datePublished":"2024-04-27T15:40:59+00:00","dateModified":"2024-04-28T02:44:28+00:00","author":{"@id":"https:\/\/www.bicebebolivia.com\/blog\/#\/schema\/person\/26ad6d9a9ae3f5b7dcc077474d935c36"},"breadcrumb":{"@id":"https:\/\/www.bicebebolivia.com\/blog\/ico-d\/es-amable\/#breadcrumb"},"inLanguage":"es","potentialAction":[{"@type":"ReadAction","target":["https:\/\/www.bicebebolivia.com\/blog\/ico-d\/es-amable\/"]}]},{"@type":"ImageObject","inLanguage":"es","@id":"https:\/\/www.bicebebolivia.com\/blog\/ico-d\/es-amable\/#primaryimage","url":"https:\/\/www.bicebebolivia.com\/blog\/wp-content\/uploads\/2024\/04\/04.24.png","contentUrl":"https:\/\/www.bicebebolivia.com\/blog\/wp-content\/uploads\/2024\/04\/04.24.png","width":1536,"height":807},{"@type":"BreadcrumbList","@id":"https:\/\/www.bicebebolivia.com\/blog\/ico-d\/es-amable\/#breadcrumb","itemListElement":[{"@type":"ListItem","position":1,"name":"Portada","item":"https:\/\/www.bicebebolivia.com\/blog\/"},{"@type":"ListItem","position":2,"name":"\u00bfEs amable?"}]},{"@type":"WebSite","@id":"https:\/\/www.bicebebolivia.com\/blog\/#website","url":"https:\/\/www.bicebebolivia.com\/blog\/","name":"BICeB\u00e9 Blog","description":"Bienal del Cartel Bolivia 2021","potentialAction":[{"@type":"SearchAction","target":{"@type":"EntryPoint","urlTemplate":"https:\/\/www.bicebebolivia.com\/blog\/?s={search_term_string}"},"query-input":{"@type":"PropertyValueSpecification","valueRequired":true,"valueName":"search_term_string"}}],"inLanguage":"es"},{"@type":"Person","@id":"https:\/\/www.bicebebolivia.com\/blog\/#\/schema\/person\/26ad6d9a9ae3f5b7dcc077474d935c36","name":"Bienal del Cartel Bolivia BICeB\u00e9","image":{"@type":"ImageObject","inLanguage":"es","@id":"https:\/\/secure.gravatar.com\/avatar\/7a4b5272639cc73d859204e94c716e9d0dc61543d7f9a64cca5162eb3a30fabb?s=96&d=mm&r=g","url":"https:\/\/secure.gravatar.com\/avatar\/7a4b5272639cc73d859204e94c716e9d0dc61543d7f9a64cca5162eb3a30fabb?s=96&d=mm&r=g","contentUrl":"https:\/\/secure.gravatar.com\/avatar\/7a4b5272639cc73d859204e94c716e9d0dc61543d7f9a64cca5162eb3a30fabb?s=96&d=mm&r=g","caption":"Bienal del Cartel Bolivia BICeB\u00e9"},"url":"https:\/\/www.bicebebolivia.com\/blog\/author\/bicebe_usser\/"}]}},"_links":{"self":[{"href":"https:\/\/www.bicebebolivia.com\/blog\/wp-json\/wp\/v2\/posts\/713","targetHints":{"allow":["GET"]}}],"collection":[{"href":"https:\/\/www.bicebebolivia.com\/blog\/wp-json\/wp\/v2\/posts"}],"about":[{"href":"https:\/\/www.bicebebolivia.com\/blog\/wp-json\/wp\/v2\/types\/post"}],"author":[{"embeddable":true,"href":"https:\/\/www.bicebebolivia.com\/blog\/wp-json\/wp\/v2\/users\/2"}],"replies":[{"embeddable":true,"href":"https:\/\/www.bicebebolivia.com\/blog\/wp-json\/wp\/v2\/comments?post=713"}],"version-history":[{"count":3,"href":"https:\/\/www.bicebebolivia.com\/blog\/wp-json\/wp\/v2\/posts\/713\/revisions"}],"predecessor-version":[{"id":718,"href":"https:\/\/www.bicebebolivia.com\/blog\/wp-json\/wp\/v2\/posts\/713\/revisions\/718"}],"wp:featuredmedia":[{"embeddable":true,"href":"https:\/\/www.bicebebolivia.com\/blog\/wp-json\/wp\/v2\/media\/715"}],"wp:attachment":[{"href":"https:\/\/www.bicebebolivia.com\/blog\/wp-json\/wp\/v2\/media?parent=713"}],"wp:term":[{"taxonomy":"category","embeddable":true,"href":"https:\/\/www.bicebebolivia.com\/blog\/wp-json\/wp\/v2\/categories?post=713"},{"taxonomy":"post_tag","embeddable":true,"href":"https:\/\/www.bicebebolivia.com\/blog\/wp-json\/wp\/v2\/tags?post=713"}],"curies":[{"name":"wp","href":"https:\/\/api.w.org\/{rel}","templated":true}]}}