{"id":727,"date":"2024-07-08T20:24:22","date_gmt":"2024-07-09T00:24:22","guid":{"rendered":"https:\/\/www.bicebebolivia.com\/blog\/?p=727"},"modified":"2024-11-08T10:13:05","modified_gmt":"2024-11-08T14:13:05","slug":"rumbo-a-una-nueva-edicion-bicebe-2025","status":"publish","type":"post","link":"https:\/\/www.bicebebolivia.com\/blog\/sin-categoria\/rumbo-a-una-nueva-edicion-bicebe-2025\/","title":{"rendered":"Rumbo a una nueva edici\u00f3n: BICeB\u00e9 2025"},"content":{"rendered":"\n<h3 class=\"wp-block-heading\">Por algo m\u00e1s de una d\u00e9cada y media, la BICeB\u00e9 ha sido referente maravilloso del dise\u00f1o gr\u00e1fico boliviano y latinoamericano donde profesionales de diferentes \u00e1reas, se re\u00fanen para compartir su conocimiento creando experiencias enriquecedoras que aportan significado a la visi\u00f3n de los asistentes a nuestros eventos. La convocatoria internacional de creaci\u00f3n de carteles es el pilar en constante crecimiento desde el 2009 con m\u00e1s de 11.000 propuestas de 90 pa\u00edses del mundo en la versi\u00f3n 2023.<\/h3>\n\n\n\n<p>Es por ello, que siempre ha sido necesario enmarcar a la BICeB\u00e9 desde una perspectiva expansiva. Hemos aprendido a transformarnos y adaptarnos a los desaf\u00edos y al impacto del dise\u00f1o en la sociedad. En 2025, a\u00f1o del bicentenario de la fundaci\u00f3n de Bolivia, la bienal abarcar\u00e1 todas las disciplinas del dise\u00f1o consolid\u00e1ndose como Marca Pa\u00eds de dise\u00f1o al mundo y redefini\u00e9ndose como <strong>BIENAL DE DISE\u00d1O Y CARTEL BOLIVIA BICeB\u00e9<\/strong>.<\/p>\n\n\n\n<p>Esta decisi\u00f3n fortalece los contenidos de otras versiones y promueve el dise\u00f1o contempor\u00e1neo sostenible y las buenas pr\u00e1cticas, generando un espacio reflexivo y una vitrina de innovaci\u00f3n, sostenibilidad, tecnolog\u00eda, conocimientos, aplicaciones y t\u00e9cnicas ancestrales, en pertinencia y relevancia. La bienal es tambi\u00e9n un lugar es una celebraci\u00f3n que abrir\u00e1 nuevas oportunidades construyendo conexiones y espacios de reconocimiento a las importantes trayectorias, as\u00ed como a los emergentes.<\/p>\n\n\n\n<p>Desde su primera versi\u00f3n hasta la \u00faltima, el cartel ha generado esta sinergia \u00fanica y seguir\u00e1 haci\u00e9ndolo. Ahora nos expandimos a un nuevo escenario con la participaci\u00f3n del dise\u00f1o gr\u00e1fico y la comunicaci\u00f3n visual, dise\u00f1o de moda y accesorios, dise\u00f1o industria o producto y dise\u00f1o digital\/UX.<\/p>\n\n\n\n<p>Este nuevo paso se abre a nuevas din\u00e1micas que buscan reforzar los v\u00ednculos del dise\u00f1o regional a trav\u00e9s de entornos integradores y responsables en primera voz. Al entender el dise\u00f1o desde todas las \u00e1reas de la disciplinas, nos presentamos como pilar de creatividad e innovaci\u00f3n local y regional, contribuyendo significativamente al desarrollo y proyecci\u00f3n del dise\u00f1o con el resto del mundo.<\/p>\n\n\n\n<p>Gracias por caminar con nosotros. Pronto m\u00e1s novedades.<br><br>Comit\u00e9 Organizador.<\/p>\n\n\n\n<p>&#8212;&#8212;&#8212;&#8212;&#8212;&#8212;&#8212;&#8212;&#8212;&#8212;&#8212;&#8212;&#8212;-<\/p>\n\n\n\n<h2 class=\"wp-block-heading\"><em>Heading towards a new edition: BICeB\u00e9 2025<\/em><\/h2>\n\n\n\n<h3 class=\"wp-block-heading\"><em>For over a decade and a half, BICeB\u00e9 has been a wonderful reference for graphic design in Bolivia and Latin America. Professionals from various fields gather to share their knowledge, creating an enriching experience that significantly enhances the vision of those participating in the event. The international poster creation call has been a constantly growing pillar since 2009, with over 11,000 proposals from 90 countries in the 2023 edition.<\/em><\/h3>\n\n\n\n<p><em>Therefore, it has always been necessary to frame BICeB\u00e9 from an expansive perspective. We have learned to transform and adapt to the challenges and the impact of design on society. In 2025, the Bicentennial year of Bolivia&#8217;s founding, the biennial will encompass all design disciplines, consolidating itself as a national brand of design to the world and redefining itself as the <strong>BOLIVIA DESIGN AND POSTER BIENNIAL BICeB\u00e9<\/strong><\/em><\/p>\n\n\n\n<p><em>This decision strengthens the content of previous editions and promotes sustainable contemporary design and best practices, generating a reflective space and a showcase for innovation, sustainability, technology, knowledge, applications, and ancestral techniques, along with their relevance and pertinence. The biennial is also a celebration that will open new opportunities, building connections and spaces for recognition of significant trajectories as well as emerging talents.<\/em><\/p>\n\n\n\n<p><em>From its first edition to the most recent, the poster has created this unique synergy and will continue to do so. Now, we are expanding to a new stage with the participation of graphic design and visual communication, fashion and accessory design, product and indsutrial design and digital\/UX design.<\/em><\/p>\n\n\n\n<p><em>This new step opens up new dynamics aimed at strengthening the bonds of regional design through integrative and responsible environments. By understanding design from all areas of the disciplines, we present ourselves as a pillar of local and regional creativity and innovation, contributing significantly to the development and projection of design with the rest of the world.<\/em><\/p>\n\n\n\n<p><em>Thank you for walking with us.<\/em> Keep it touch for more updates.<\/p>\n\n\n\n<p>Organizing Committee<\/p>\n","protected":false},"excerpt":{"rendered":"<p>Por algo m\u00e1s de una d\u00e9cada y media, la BICeB\u00e9 ha sido referente maravilloso del dise\u00f1o gr\u00e1fico boliviano y latinoamericano donde profesionales de diferentes \u00e1reas, se re\u00fanen para compartir su conocimiento creando experiencias enriquecedoras que aportan significado a la visi\u00f3n de los asistentes a nuestros eventos. La convocatoria internacional de creaci\u00f3n de carteles es el &hellip; <a href=\"https:\/\/www.bicebebolivia.com\/blog\/sin-categoria\/rumbo-a-una-nueva-edicion-bicebe-2025\/\" class=\"more-link\">Sigue leyendo <span class=\"screen-reader-text\">Rumbo a una nueva edici\u00f3n: BICeB\u00e9 2025<\/span><\/a><\/p>\n","protected":false},"author":2,"featured_media":729,"comment_status":"open","ping_status":"open","sticky":false,"template":"","format":"standard","meta":{"footnotes":""},"categories":[1],"tags":[74,76],"class_list":["post-727","post","type-post","status-publish","format-standard","has-post-thumbnail","hentry","category-sin-categoria","tag-bicebe-2025","tag-diseno"],"yoast_head":"<!-- This site is optimized with the Yoast SEO plugin v27.5 - https:\/\/yoast.com\/product\/yoast-seo-wordpress\/ -->\n<title>Rumbo a una nueva edici\u00f3n: BICeB\u00e9 2025 - BICeB\u00e9 Blog<\/title>\n<meta name=\"robots\" content=\"index, follow, max-snippet:-1, max-image-preview:large, max-video-preview:-1\" \/>\n<link rel=\"canonical\" href=\"https:\/\/www.bicebebolivia.com\/blog\/sin-categoria\/rumbo-a-una-nueva-edicion-bicebe-2025\/\" \/>\n<meta property=\"og:locale\" content=\"es_ES\" \/>\n<meta property=\"og:type\" content=\"article\" \/>\n<meta property=\"og:title\" content=\"Rumbo a una nueva edici\u00f3n: BICeB\u00e9 2025 - BICeB\u00e9 Blog\" \/>\n<meta property=\"og:description\" content=\"Por algo m\u00e1s de una d\u00e9cada y media, la BICeB\u00e9 ha sido referente maravilloso del dise\u00f1o gr\u00e1fico boliviano y latinoamericano donde profesionales de diferentes \u00e1reas, se re\u00fanen para compartir su conocimiento creando experiencias enriquecedoras que aportan significado a la visi\u00f3n de los asistentes a nuestros eventos. La convocatoria internacional de creaci\u00f3n de carteles es el &hellip; Sigue leyendo Rumbo a una nueva edici\u00f3n: BICeB\u00e9 2025\" \/>\n<meta property=\"og:url\" content=\"https:\/\/www.bicebebolivia.com\/blog\/sin-categoria\/rumbo-a-una-nueva-edicion-bicebe-2025\/\" \/>\n<meta property=\"og:site_name\" content=\"BICeB\u00e9 Blog\" \/>\n<meta property=\"article:publisher\" content=\"https:\/\/www.facebook.com\/BICeBe\" \/>\n<meta property=\"article:published_time\" content=\"2024-07-09T00:24:22+00:00\" \/>\n<meta property=\"article:modified_time\" content=\"2024-11-08T14:13:05+00:00\" \/>\n<meta property=\"og:image\" content=\"http:\/\/www.bicebebolivia.com\/blog\/wp-content\/uploads\/2024\/07\/Anuncio.png\" \/>\n\t<meta property=\"og:image:width\" content=\"1536\" \/>\n\t<meta property=\"og:image:height\" content=\"807\" \/>\n\t<meta property=\"og:image:type\" content=\"image\/png\" \/>\n<meta name=\"author\" content=\"Bienal del Cartel Bolivia BICeB\u00e9\" \/>\n<meta name=\"twitter:label1\" content=\"Escrito por\" \/>\n\t<meta name=\"twitter:data1\" content=\"Bienal del Cartel Bolivia BICeB\u00e9\" \/>\n\t<meta name=\"twitter:label2\" content=\"Tiempo de lectura\" \/>\n\t<meta name=\"twitter:data2\" content=\"4 minutos\" \/>\n<script type=\"application\/ld+json\" class=\"yoast-schema-graph\">{\"@context\":\"https:\\\/\\\/schema.org\",\"@graph\":[{\"@type\":\"Article\",\"@id\":\"https:\\\/\\\/www.bicebebolivia.com\\\/blog\\\/sin-categoria\\\/rumbo-a-una-nueva-edicion-bicebe-2025\\\/#article\",\"isPartOf\":{\"@id\":\"https:\\\/\\\/www.bicebebolivia.com\\\/blog\\\/sin-categoria\\\/rumbo-a-una-nueva-edicion-bicebe-2025\\\/\"},\"author\":{\"name\":\"Bienal del Cartel Bolivia BICeB\u00e9\",\"@id\":\"https:\\\/\\\/www.bicebebolivia.com\\\/blog\\\/#\\\/schema\\\/person\\\/26ad6d9a9ae3f5b7dcc077474d935c36\"},\"headline\":\"Rumbo a una nueva edici\u00f3n: BICeB\u00e9 2025\",\"datePublished\":\"2024-07-09T00:24:22+00:00\",\"dateModified\":\"2024-11-08T14:13:05+00:00\",\"mainEntityOfPage\":{\"@id\":\"https:\\\/\\\/www.bicebebolivia.com\\\/blog\\\/sin-categoria\\\/rumbo-a-una-nueva-edicion-bicebe-2025\\\/\"},\"wordCount\":700,\"commentCount\":2,\"image\":{\"@id\":\"https:\\\/\\\/www.bicebebolivia.com\\\/blog\\\/sin-categoria\\\/rumbo-a-una-nueva-edicion-bicebe-2025\\\/#primaryimage\"},\"thumbnailUrl\":\"https:\\\/\\\/www.bicebebolivia.com\\\/blog\\\/wp-content\\\/uploads\\\/2024\\\/07\\\/Anuncio.png\",\"keywords\":[\"BICeB\u00e9 2025\",\"Dise\u00f1o\"],\"articleSection\":[\"Noticias\"],\"inLanguage\":\"es\",\"potentialAction\":[{\"@type\":\"CommentAction\",\"name\":\"Comment\",\"target\":[\"https:\\\/\\\/www.bicebebolivia.com\\\/blog\\\/sin-categoria\\\/rumbo-a-una-nueva-edicion-bicebe-2025\\\/#respond\"]}]},{\"@type\":\"WebPage\",\"@id\":\"https:\\\/\\\/www.bicebebolivia.com\\\/blog\\\/sin-categoria\\\/rumbo-a-una-nueva-edicion-bicebe-2025\\\/\",\"url\":\"https:\\\/\\\/www.bicebebolivia.com\\\/blog\\\/sin-categoria\\\/rumbo-a-una-nueva-edicion-bicebe-2025\\\/\",\"name\":\"Rumbo a una nueva edici\u00f3n: BICeB\u00e9 2025 - BICeB\u00e9 Blog\",\"isPartOf\":{\"@id\":\"https:\\\/\\\/www.bicebebolivia.com\\\/blog\\\/#website\"},\"primaryImageOfPage\":{\"@id\":\"https:\\\/\\\/www.bicebebolivia.com\\\/blog\\\/sin-categoria\\\/rumbo-a-una-nueva-edicion-bicebe-2025\\\/#primaryimage\"},\"image\":{\"@id\":\"https:\\\/\\\/www.bicebebolivia.com\\\/blog\\\/sin-categoria\\\/rumbo-a-una-nueva-edicion-bicebe-2025\\\/#primaryimage\"},\"thumbnailUrl\":\"https:\\\/\\\/www.bicebebolivia.com\\\/blog\\\/wp-content\\\/uploads\\\/2024\\\/07\\\/Anuncio.png\",\"datePublished\":\"2024-07-09T00:24:22+00:00\",\"dateModified\":\"2024-11-08T14:13:05+00:00\",\"author\":{\"@id\":\"https:\\\/\\\/www.bicebebolivia.com\\\/blog\\\/#\\\/schema\\\/person\\\/26ad6d9a9ae3f5b7dcc077474d935c36\"},\"breadcrumb\":{\"@id\":\"https:\\\/\\\/www.bicebebolivia.com\\\/blog\\\/sin-categoria\\\/rumbo-a-una-nueva-edicion-bicebe-2025\\\/#breadcrumb\"},\"inLanguage\":\"es\",\"potentialAction\":[{\"@type\":\"ReadAction\",\"target\":[\"https:\\\/\\\/www.bicebebolivia.com\\\/blog\\\/sin-categoria\\\/rumbo-a-una-nueva-edicion-bicebe-2025\\\/\"]}]},{\"@type\":\"ImageObject\",\"inLanguage\":\"es\",\"@id\":\"https:\\\/\\\/www.bicebebolivia.com\\\/blog\\\/sin-categoria\\\/rumbo-a-una-nueva-edicion-bicebe-2025\\\/#primaryimage\",\"url\":\"https:\\\/\\\/www.bicebebolivia.com\\\/blog\\\/wp-content\\\/uploads\\\/2024\\\/07\\\/Anuncio.png\",\"contentUrl\":\"https:\\\/\\\/www.bicebebolivia.com\\\/blog\\\/wp-content\\\/uploads\\\/2024\\\/07\\\/Anuncio.png\",\"width\":1536,\"height\":807},{\"@type\":\"BreadcrumbList\",\"@id\":\"https:\\\/\\\/www.bicebebolivia.com\\\/blog\\\/sin-categoria\\\/rumbo-a-una-nueva-edicion-bicebe-2025\\\/#breadcrumb\",\"itemListElement\":[{\"@type\":\"ListItem\",\"position\":1,\"name\":\"Portada\",\"item\":\"https:\\\/\\\/www.bicebebolivia.com\\\/blog\\\/\"},{\"@type\":\"ListItem\",\"position\":2,\"name\":\"Rumbo a una nueva edici\u00f3n: BICeB\u00e9 2025\"}]},{\"@type\":\"WebSite\",\"@id\":\"https:\\\/\\\/www.bicebebolivia.com\\\/blog\\\/#website\",\"url\":\"https:\\\/\\\/www.bicebebolivia.com\\\/blog\\\/\",\"name\":\"BICeB\u00e9 Blog\",\"description\":\"Bienal del Cartel Bolivia 2021\",\"potentialAction\":[{\"@type\":\"SearchAction\",\"target\":{\"@type\":\"EntryPoint\",\"urlTemplate\":\"https:\\\/\\\/www.bicebebolivia.com\\\/blog\\\/?s={search_term_string}\"},\"query-input\":{\"@type\":\"PropertyValueSpecification\",\"valueRequired\":true,\"valueName\":\"search_term_string\"}}],\"inLanguage\":\"es\"},{\"@type\":\"Person\",\"@id\":\"https:\\\/\\\/www.bicebebolivia.com\\\/blog\\\/#\\\/schema\\\/person\\\/26ad6d9a9ae3f5b7dcc077474d935c36\",\"name\":\"Bienal del Cartel Bolivia BICeB\u00e9\",\"image\":{\"@type\":\"ImageObject\",\"inLanguage\":\"es\",\"@id\":\"https:\\\/\\\/secure.gravatar.com\\\/avatar\\\/7a4b5272639cc73d859204e94c716e9d0dc61543d7f9a64cca5162eb3a30fabb?s=96&d=mm&r=g\",\"url\":\"https:\\\/\\\/secure.gravatar.com\\\/avatar\\\/7a4b5272639cc73d859204e94c716e9d0dc61543d7f9a64cca5162eb3a30fabb?s=96&d=mm&r=g\",\"contentUrl\":\"https:\\\/\\\/secure.gravatar.com\\\/avatar\\\/7a4b5272639cc73d859204e94c716e9d0dc61543d7f9a64cca5162eb3a30fabb?s=96&d=mm&r=g\",\"caption\":\"Bienal del Cartel Bolivia BICeB\u00e9\"},\"url\":\"https:\\\/\\\/www.bicebebolivia.com\\\/blog\\\/author\\\/bicebe_usser\\\/\"}]}<\/script>\n<!-- \/ Yoast SEO plugin. -->","yoast_head_json":{"title":"Rumbo a una nueva edici\u00f3n: BICeB\u00e9 2025 - BICeB\u00e9 Blog","robots":{"index":"index","follow":"follow","max-snippet":"max-snippet:-1","max-image-preview":"max-image-preview:large","max-video-preview":"max-video-preview:-1"},"canonical":"https:\/\/www.bicebebolivia.com\/blog\/sin-categoria\/rumbo-a-una-nueva-edicion-bicebe-2025\/","og_locale":"es_ES","og_type":"article","og_title":"Rumbo a una nueva edici\u00f3n: BICeB\u00e9 2025 - BICeB\u00e9 Blog","og_description":"Por algo m\u00e1s de una d\u00e9cada y media, la BICeB\u00e9 ha sido referente maravilloso del dise\u00f1o gr\u00e1fico boliviano y latinoamericano donde profesionales de diferentes \u00e1reas, se re\u00fanen para compartir su conocimiento creando experiencias enriquecedoras que aportan significado a la visi\u00f3n de los asistentes a nuestros eventos. La convocatoria internacional de creaci\u00f3n de carteles es el &hellip; Sigue leyendo Rumbo a una nueva edici\u00f3n: BICeB\u00e9 2025","og_url":"https:\/\/www.bicebebolivia.com\/blog\/sin-categoria\/rumbo-a-una-nueva-edicion-bicebe-2025\/","og_site_name":"BICeB\u00e9 Blog","article_publisher":"https:\/\/www.facebook.com\/BICeBe","article_published_time":"2024-07-09T00:24:22+00:00","article_modified_time":"2024-11-08T14:13:05+00:00","og_image":[{"width":1536,"height":807,"url":"http:\/\/www.bicebebolivia.com\/blog\/wp-content\/uploads\/2024\/07\/Anuncio.png","type":"image\/png"}],"author":"Bienal del Cartel Bolivia BICeB\u00e9","twitter_misc":{"Escrito por":"Bienal del Cartel Bolivia BICeB\u00e9","Tiempo de lectura":"4 minutos"},"schema":{"@context":"https:\/\/schema.org","@graph":[{"@type":"Article","@id":"https:\/\/www.bicebebolivia.com\/blog\/sin-categoria\/rumbo-a-una-nueva-edicion-bicebe-2025\/#article","isPartOf":{"@id":"https:\/\/www.bicebebolivia.com\/blog\/sin-categoria\/rumbo-a-una-nueva-edicion-bicebe-2025\/"},"author":{"name":"Bienal del Cartel Bolivia BICeB\u00e9","@id":"https:\/\/www.bicebebolivia.com\/blog\/#\/schema\/person\/26ad6d9a9ae3f5b7dcc077474d935c36"},"headline":"Rumbo a una nueva edici\u00f3n: BICeB\u00e9 2025","datePublished":"2024-07-09T00:24:22+00:00","dateModified":"2024-11-08T14:13:05+00:00","mainEntityOfPage":{"@id":"https:\/\/www.bicebebolivia.com\/blog\/sin-categoria\/rumbo-a-una-nueva-edicion-bicebe-2025\/"},"wordCount":700,"commentCount":2,"image":{"@id":"https:\/\/www.bicebebolivia.com\/blog\/sin-categoria\/rumbo-a-una-nueva-edicion-bicebe-2025\/#primaryimage"},"thumbnailUrl":"https:\/\/www.bicebebolivia.com\/blog\/wp-content\/uploads\/2024\/07\/Anuncio.png","keywords":["BICeB\u00e9 2025","Dise\u00f1o"],"articleSection":["Noticias"],"inLanguage":"es","potentialAction":[{"@type":"CommentAction","name":"Comment","target":["https:\/\/www.bicebebolivia.com\/blog\/sin-categoria\/rumbo-a-una-nueva-edicion-bicebe-2025\/#respond"]}]},{"@type":"WebPage","@id":"https:\/\/www.bicebebolivia.com\/blog\/sin-categoria\/rumbo-a-una-nueva-edicion-bicebe-2025\/","url":"https:\/\/www.bicebebolivia.com\/blog\/sin-categoria\/rumbo-a-una-nueva-edicion-bicebe-2025\/","name":"Rumbo a una nueva edici\u00f3n: BICeB\u00e9 2025 - BICeB\u00e9 Blog","isPartOf":{"@id":"https:\/\/www.bicebebolivia.com\/blog\/#website"},"primaryImageOfPage":{"@id":"https:\/\/www.bicebebolivia.com\/blog\/sin-categoria\/rumbo-a-una-nueva-edicion-bicebe-2025\/#primaryimage"},"image":{"@id":"https:\/\/www.bicebebolivia.com\/blog\/sin-categoria\/rumbo-a-una-nueva-edicion-bicebe-2025\/#primaryimage"},"thumbnailUrl":"https:\/\/www.bicebebolivia.com\/blog\/wp-content\/uploads\/2024\/07\/Anuncio.png","datePublished":"2024-07-09T00:24:22+00:00","dateModified":"2024-11-08T14:13:05+00:00","author":{"@id":"https:\/\/www.bicebebolivia.com\/blog\/#\/schema\/person\/26ad6d9a9ae3f5b7dcc077474d935c36"},"breadcrumb":{"@id":"https:\/\/www.bicebebolivia.com\/blog\/sin-categoria\/rumbo-a-una-nueva-edicion-bicebe-2025\/#breadcrumb"},"inLanguage":"es","potentialAction":[{"@type":"ReadAction","target":["https:\/\/www.bicebebolivia.com\/blog\/sin-categoria\/rumbo-a-una-nueva-edicion-bicebe-2025\/"]}]},{"@type":"ImageObject","inLanguage":"es","@id":"https:\/\/www.bicebebolivia.com\/blog\/sin-categoria\/rumbo-a-una-nueva-edicion-bicebe-2025\/#primaryimage","url":"https:\/\/www.bicebebolivia.com\/blog\/wp-content\/uploads\/2024\/07\/Anuncio.png","contentUrl":"https:\/\/www.bicebebolivia.com\/blog\/wp-content\/uploads\/2024\/07\/Anuncio.png","width":1536,"height":807},{"@type":"BreadcrumbList","@id":"https:\/\/www.bicebebolivia.com\/blog\/sin-categoria\/rumbo-a-una-nueva-edicion-bicebe-2025\/#breadcrumb","itemListElement":[{"@type":"ListItem","position":1,"name":"Portada","item":"https:\/\/www.bicebebolivia.com\/blog\/"},{"@type":"ListItem","position":2,"name":"Rumbo a una nueva edici\u00f3n: BICeB\u00e9 2025"}]},{"@type":"WebSite","@id":"https:\/\/www.bicebebolivia.com\/blog\/#website","url":"https:\/\/www.bicebebolivia.com\/blog\/","name":"BICeB\u00e9 Blog","description":"Bienal del Cartel Bolivia 2021","potentialAction":[{"@type":"SearchAction","target":{"@type":"EntryPoint","urlTemplate":"https:\/\/www.bicebebolivia.com\/blog\/?s={search_term_string}"},"query-input":{"@type":"PropertyValueSpecification","valueRequired":true,"valueName":"search_term_string"}}],"inLanguage":"es"},{"@type":"Person","@id":"https:\/\/www.bicebebolivia.com\/blog\/#\/schema\/person\/26ad6d9a9ae3f5b7dcc077474d935c36","name":"Bienal del Cartel Bolivia BICeB\u00e9","image":{"@type":"ImageObject","inLanguage":"es","@id":"https:\/\/secure.gravatar.com\/avatar\/7a4b5272639cc73d859204e94c716e9d0dc61543d7f9a64cca5162eb3a30fabb?s=96&d=mm&r=g","url":"https:\/\/secure.gravatar.com\/avatar\/7a4b5272639cc73d859204e94c716e9d0dc61543d7f9a64cca5162eb3a30fabb?s=96&d=mm&r=g","contentUrl":"https:\/\/secure.gravatar.com\/avatar\/7a4b5272639cc73d859204e94c716e9d0dc61543d7f9a64cca5162eb3a30fabb?s=96&d=mm&r=g","caption":"Bienal del Cartel Bolivia BICeB\u00e9"},"url":"https:\/\/www.bicebebolivia.com\/blog\/author\/bicebe_usser\/"}]}},"_links":{"self":[{"href":"https:\/\/www.bicebebolivia.com\/blog\/wp-json\/wp\/v2\/posts\/727","targetHints":{"allow":["GET"]}}],"collection":[{"href":"https:\/\/www.bicebebolivia.com\/blog\/wp-json\/wp\/v2\/posts"}],"about":[{"href":"https:\/\/www.bicebebolivia.com\/blog\/wp-json\/wp\/v2\/types\/post"}],"author":[{"embeddable":true,"href":"https:\/\/www.bicebebolivia.com\/blog\/wp-json\/wp\/v2\/users\/2"}],"replies":[{"embeddable":true,"href":"https:\/\/www.bicebebolivia.com\/blog\/wp-json\/wp\/v2\/comments?post=727"}],"version-history":[{"count":11,"href":"https:\/\/www.bicebebolivia.com\/blog\/wp-json\/wp\/v2\/posts\/727\/revisions"}],"predecessor-version":[{"id":752,"href":"https:\/\/www.bicebebolivia.com\/blog\/wp-json\/wp\/v2\/posts\/727\/revisions\/752"}],"wp:featuredmedia":[{"embeddable":true,"href":"https:\/\/www.bicebebolivia.com\/blog\/wp-json\/wp\/v2\/media\/729"}],"wp:attachment":[{"href":"https:\/\/www.bicebebolivia.com\/blog\/wp-json\/wp\/v2\/media?parent=727"}],"wp:term":[{"taxonomy":"category","embeddable":true,"href":"https:\/\/www.bicebebolivia.com\/blog\/wp-json\/wp\/v2\/categories?post=727"},{"taxonomy":"post_tag","embeddable":true,"href":"https:\/\/www.bicebebolivia.com\/blog\/wp-json\/wp\/v2\/tags?post=727"}],"curies":[{"name":"wp","href":"https:\/\/api.w.org\/{rel}","templated":true}]}}