{"id":763,"date":"2024-11-23T10:25:38","date_gmt":"2024-11-23T14:25:38","guid":{"rendered":"https:\/\/www.bicebebolivia.com\/blog\/?p=763"},"modified":"2024-11-23T10:25:39","modified_gmt":"2024-11-23T14:25:39","slug":"lanzamos-nuestras-nuevas-convocatorias-para-la-version-2025-de-la-bienal-de-diseno-y-cartel-bolivia-bicebe","status":"publish","type":"post","link":"https:\/\/www.bicebebolivia.com\/blog\/convocatoria\/lanzamos-nuestras-nuevas-convocatorias-para-la-version-2025-de-la-bienal-de-diseno-y-cartel-bolivia-bicebe\/","title":{"rendered":"Lanzamos nuestras nuevas convocatorias para la versi\u00f3n 2025 de la Bienal de Dise\u00f1o y Cartel Bolivia BICeB\u00e9"},"content":{"rendered":"\n<blockquote class=\"wp-block-quote is-layout-flow wp-block-quote-is-layout-flow\">\n<p>La BICeB\u00e9 se realizar\u00e1 el mes de Octubre en las ciudades de La Paz y Cochabamba con una agenda que reunir\u00e1 a los profesionales y creadores de todas las ramas del dise\u00f1o. <\/p>\n<\/blockquote>\n\n\n\n<p>La <strong>Bienal de Dise\u00f1o y Cartel Bolivia BICeB\u00e9<\/strong> lanz\u00f3 este viernes 22 de noviembre la <em>Convocatoria Internacional de Carteles<\/em> para su edici\u00f3n de 2025, as\u00ed como tambi\u00e9n su nueva plataforma de dise\u00f1o, denominada<em> NODO Espacio de Dise\u00f1o <\/em>que presenta su primera convocatoria nacional de dise\u00f1o para la nueva versi\u00f3n.<br><br>La BICeB\u00e9, que se realizar\u00e1 del 20 al 24 de octubre del pr\u00f3ximo a\u00f1o y tendr\u00e1 como sedes las ciudades de La Paz y Cochabamba, contar\u00e1 con seis categor\u00edas en la competencia de carteles internacionales: la categor\u00eda A para carteles culturales, la B para carteles sociales, la C para carteles publicitarios o comerciales, la E para cartel de imagen en movimiento (tem\u00e1tica libre).<br><br>En tanto que las categor\u00edas D y F tendr\u00e1n una tem\u00e1tica especial este a\u00f1o. En la D podr\u00e1n participar carteles in\u00e9ditos bajo el tema \u201cLa segunda vida de las cosas\u201d, y en la categor\u00eda F, dirigida a estudiantes de 18 a 25 a\u00f1os, podr\u00e1n participar con un cartel in\u00e9dito con el tema \u201cDesacelerar para avanzar\u201d. La inscripci\u00f3n para estas categor\u00edas es gratuita.<br><br>La fecha l\u00edmite para el env\u00edo de los carteles es hasta las 23:59 del viernes 11 de abril de 2025 y el anuncio de los seleccionados ser\u00e1 el mi\u00e9rcoles 14 de mayo, en la web y redes sociales de la BICeB\u00e9.<br><br>Este a\u00f1o, el jurado para la competencia internacional estar\u00e1 conformado por <em>Ver\u00f3nica Majluf (Per\u00fa), G\u00f6tz Gramlich (Alemania), Justyna Czerniakowska (Polonia), Max Rompo (Argentina), y los bolivianos Camila Rojas, Alfredo Rom\u00e1n y Alejandra Salvatierra<\/em>.<br><br><strong>Nueva convocatoria nacional de dise\u00f1o NODO BICeB\u00e9<\/strong><br><br>Como una de las grandes novedades de esta nueva edici\u00f3n, est\u00e1 la presentaci\u00f3n de la plataforma de dise\u00f1o NODO, en la que tambi\u00e9n podr\u00e1n participar creadores bolivianos, residentes, empresas o estudios que dediquen su actividad a brindar soluciones a trav\u00e9s del dise\u00f1o aplicado en las ramas de: <em>Dise\u00f1o gr\u00e1fico y comunicaci\u00f3n visual, Dise\u00f1o de moda y accesorios, Dise\u00f1o industrial y\/o producto y Dise\u00f1o digital\/UX<\/em>.<br><br>Seg\u00fan los organizadores, NODO BICeB\u00e9 busca conocer c\u00f3mo los dise\u00f1adores est\u00e1n reimaginando el presente y el futuro con la aplicaci\u00f3n de principios \u00e9ticos, tecnolog\u00eda, saberes heredados, responsabilidad, sostenibilidad e impacto en el planeta.<br><br>La inscripci\u00f3n para participar de la plataforma NODO tiene un costo de Bs 350 y los interesados deber\u00e1n llenar primero un formulario digital de pre-registro.<br>El anuncio p\u00fablico de los seleccionados se realizar\u00e1 el d\u00eda mi\u00e9rcoles 14 de mayo de 2025 en la web y redes sociales de la BICeB\u00e9.<br><br>La BICeB\u00e9, que se realiza desde el 2009, ha tenido en todas estas ediciones m\u00e1s de 52.000 participantes desde diferentes pa\u00edses, as\u00ed como cerca de un mill\u00f3n y medio de visitantes en las m\u00e1s de 70 exhibiciones realizadas en cada una de las muestras organizadas cada a\u00f1o. En el transcurso del 2025 anunciar\u00eda su agenda de actividades del evento, as\u00ed como los invitados que son siempre esperadas por todos.<\/p>\n\n\n\n<figure class=\"wp-block-image size-large\"><a href=\"https:\/\/www.bicebebolivia.com\/blog\/wp-content\/uploads\/2024\/11\/03-24-1.png\"><img loading=\"lazy\" decoding=\"async\" width=\"1024\" height=\"538\" src=\"https:\/\/www.bicebebolivia.com\/blog\/wp-content\/uploads\/2024\/11\/03-24-1-1024x538.png\" alt=\"\" class=\"wp-image-758\" srcset=\"https:\/\/www.bicebebolivia.com\/blog\/wp-content\/uploads\/2024\/11\/03-24-1-1024x538.png 1024w, https:\/\/www.bicebebolivia.com\/blog\/wp-content\/uploads\/2024\/11\/03-24-1-300x158.png 300w, https:\/\/www.bicebebolivia.com\/blog\/wp-content\/uploads\/2024\/11\/03-24-1-768x404.png 768w, https:\/\/www.bicebebolivia.com\/blog\/wp-content\/uploads\/2024\/11\/03-24-1.png 1536w\" sizes=\"auto, (max-width: 1024px) 100vw, 1024px\" \/><\/a><\/figure>\n\n\n\n<p>Jurado de la Convocatoria Internacional de Carteles Bolivia BICeB\u00e9 2025 y equipo colaborador del proceso de Jura. |<em> Jury for the Bolivia BICeB\u00e9 2025 International Poster Call and the Collaborative Team for the Jury Process.<\/em><\/p>\n\n\n\n<h2 class=\"wp-block-heading\">We are pleased to announce the launch of our new calls for the 2025 edition of the Bolivia Design and Poster Biennial BICeB\u00e9<\/h2>\n\n\n\n<blockquote class=\"wp-block-quote is-layout-flow wp-block-quote-is-layout-flow\">\n<p>BICeB\u00e9 will take place in October in the cities of La Paz and Cochabamba, featuring an agenda that brings together professionals and creators from all design disciplines.<\/p>\n<\/blockquote>\n\n\n\n<p>The <strong>Bolivia Design and Poster Biennial BICeB\u00e9<\/strong> launch its International Poster Call for the 2025 edition. Additionally, unveiled its new design platform, <em>NODO Design Space<\/em>, which is opening its first national design call for this new iteration.<\/p>\n\n\n\n<p>The BICeB\u00e9 will take place from October 20 to 24 next year in the cities of La Paz and Cochabamba. The international poster competition will feature six categories: Category A for cultural posters, Category B for social posters, Category C for advertising or commercial posters, and Category E for animated posters (open theme).<\/p>\n\n\n\n<p>Meanwhile, Categories D and F will have special themes this year. Category D invites unpublished posters under the theme <em>\u201cThe Second Life of Things,\u201d<\/em> and Category F, targeted at students aged 18 to 25, calls for an unpublished poster on the theme <em>\u201cSlow Down to Move Forward.\u201d<\/em><br>Participation in these categories is free of charge.<\/p>\n\n\n\n<p>The deadline for submissions is 11:59 p.m. on Friday, April 11, 2025. Selected entries will be announced on Wednesday, May 14, via the BICeB\u00e9 website and social media channels.<\/p>\n\n\n\n<p>This year, the international competition jury will include Ver\u00f3nica Majluf (Peru), G\u00f6tz Gramlich (Germany), Justyna Czerniakowska (Poland), Max Rompo (Argentina), and Bolivians Camila Rojas, Alfredo Rom\u00e1n, and Alejandra Salvatierra.<\/p>\n\n\n\n<h3 class=\"wp-block-heading\">NODO BICeB\u00e9 National Design Call<\/h3>\n\n\n\n<p>One of the most significant innovations in this edition is the launch of the <em>NODO Design Space<\/em> platform, which will also welcome participation from Bolivian creators, residents, companies, or studios focused on providing solutions through applied design in the fields of: <em>Graphic design and visual communication, Fashion and accessory design, Industrial and\/or product design, and Digital\/UX design,<\/em><\/p>\n\n\n\n<p>According to the organizers, <em>NODO BICeB\u00e9<\/em> aims to explore how designers are reimagining the present and future through the application of ethical principles, technology, inherited knowledge, responsibility, sustainability, and environmental impact.<\/p>\n\n\n\n<p>Registration for the <em>NODO<\/em> platform requires a fee of Bs 350. Interested participants must first complete a digital pre-registration form.<\/p>\n\n\n\n<p>The public announcement of selected entries will also take place on Wednesday, May 14, 2025, on the BICeB\u00e9 website and social media channels.<\/p>\n\n\n\n<p>Since its inception in 2009, BICeB\u00e9 has brought together over 52,000 participants from various countries and attracted nearly 1.5 million visitors across more than 70 exhibitions organized annually. The full 2025 event agenda and a list of guests\u2014always eagerly anticipated\u2014will be announced later that year.<br><\/p>\n\n\n\n<figure class=\"wp-block-image size-large\"><a href=\"https:\/\/www.bicebebolivia.com\/blog\/wp-content\/uploads\/2024\/11\/03-24-2.png\"><img loading=\"lazy\" decoding=\"async\" width=\"1024\" height=\"538\" src=\"https:\/\/www.bicebebolivia.com\/blog\/wp-content\/uploads\/2024\/11\/03-24-2-1024x538.png\" alt=\"\" class=\"wp-image-759\" srcset=\"https:\/\/www.bicebebolivia.com\/blog\/wp-content\/uploads\/2024\/11\/03-24-2-1024x538.png 1024w, https:\/\/www.bicebebolivia.com\/blog\/wp-content\/uploads\/2024\/11\/03-24-2-300x158.png 300w, https:\/\/www.bicebebolivia.com\/blog\/wp-content\/uploads\/2024\/11\/03-24-2-768x404.png 768w, https:\/\/www.bicebebolivia.com\/blog\/wp-content\/uploads\/2024\/11\/03-24-2.png 1536w\" sizes=\"auto, (max-width: 1024px) 100vw, 1024px\" \/><\/a><\/figure>\n\n\n\n<p>Inauguraci\u00f3n de la Exhibici\u00f3n Principal BICeB\u00e9 2023&nbsp;| BICeB\u00e9 2023 Main Exhibition Opening.<br><\/p>\n\n\n\n<p><strong>Enlaces de inter\u00e9s | Relevant Links<\/strong><br><br><a href=\"https:\/\/www.bicebebolivia.com\">Web Oficial | Official website<\/a><br><a href=\"https:\/\/www.bicebebolivia.com\/sites\/default\/files\/POSTER_CALL_BICeBe2025.pdf\">Convocatoria de Internacional de Carteles | International Poster Call<\/a><br><a href=\"https:\/\/www.bicebebolivia.com\/sites\/default\/files\/CONVOCATORIA_NODO_BICeBe2025.pdf\">Convocatoria Nacional de Dise\u00f1o (for bolivian and residents)<\/a><br><a href=\"https:\/\/www.bicebebolivia.com\/jurado\">Jurado 2025 | Jury 2025<\/a><br><a href=\"https:\/\/vimeo.com\/1032159641\">Documental de la BICeB\u00e9 2023 | BICeB\u00e9 2023 Documental<\/a><\/p>\n","protected":false},"excerpt":{"rendered":"<p>La BICeB\u00e9 se realizar\u00e1 el mes de Octubre en las ciudades de La Paz y Cochabamba con una agenda que reunir\u00e1 a los profesionales y creadores de todas las ramas del dise\u00f1o. La Bienal de Dise\u00f1o y Cartel Bolivia BICeB\u00e9 lanz\u00f3 este viernes 22 de noviembre la Convocatoria Internacional de Carteles para su edici\u00f3n de &hellip; <a href=\"https:\/\/www.bicebebolivia.com\/blog\/convocatoria\/lanzamos-nuestras-nuevas-convocatorias-para-la-version-2025-de-la-bienal-de-diseno-y-cartel-bolivia-bicebe\/\" class=\"more-link\">Sigue leyendo <span class=\"screen-reader-text\">Lanzamos nuestras nuevas convocatorias para la versi\u00f3n 2025 de la Bienal de Dise\u00f1o y Cartel Bolivia BICeB\u00e9<\/span><\/a><\/p>\n","protected":false},"author":2,"featured_media":765,"comment_status":"open","ping_status":"open","sticky":false,"template":"","format":"standard","meta":{"footnotes":""},"categories":[43,3,5,6],"tags":[74,12,13,79,16],"class_list":["post-763","post","type-post","status-publish","format-standard","has-post-thumbnail","hentry","category-convocatoria","category-convocatoria-internacional","category-invitados","category-jurados","tag-bicebe-2025","tag-bolivia","tag-convocatoria-de-carteles","tag-design-call","tag-poster-call"],"yoast_head":"<!-- This site is optimized with the Yoast SEO plugin v27.5 - https:\/\/yoast.com\/product\/yoast-seo-wordpress\/ -->\n<title>Lanzamos nuestras nuevas convocatorias para la versi\u00f3n 2025 de la Bienal de Dise\u00f1o y Cartel Bolivia BICeB\u00e9 - BICeB\u00e9 Blog<\/title>\n<meta name=\"robots\" content=\"index, follow, max-snippet:-1, max-image-preview:large, max-video-preview:-1\" \/>\n<link rel=\"canonical\" href=\"https:\/\/www.bicebebolivia.com\/blog\/convocatoria\/lanzamos-nuestras-nuevas-convocatorias-para-la-version-2025-de-la-bienal-de-diseno-y-cartel-bolivia-bicebe\/\" \/>\n<meta property=\"og:locale\" content=\"es_ES\" \/>\n<meta property=\"og:type\" content=\"article\" \/>\n<meta property=\"og:title\" content=\"Lanzamos nuestras nuevas convocatorias para la versi\u00f3n 2025 de la Bienal de Dise\u00f1o y Cartel Bolivia BICeB\u00e9 - BICeB\u00e9 Blog\" \/>\n<meta property=\"og:description\" content=\"La BICeB\u00e9 se realizar\u00e1 el mes de Octubre en las ciudades de La Paz y Cochabamba con una agenda que reunir\u00e1 a los profesionales y creadores de todas las ramas del dise\u00f1o. La Bienal de Dise\u00f1o y Cartel Bolivia BICeB\u00e9 lanz\u00f3 este viernes 22 de noviembre la Convocatoria Internacional de Carteles para su edici\u00f3n de &hellip; Sigue leyendo Lanzamos nuestras nuevas convocatorias para la versi\u00f3n 2025 de la Bienal de Dise\u00f1o y Cartel Bolivia BICeB\u00e9\" \/>\n<meta property=\"og:url\" content=\"https:\/\/www.bicebebolivia.com\/blog\/convocatoria\/lanzamos-nuestras-nuevas-convocatorias-para-la-version-2025-de-la-bienal-de-diseno-y-cartel-bolivia-bicebe\/\" \/>\n<meta property=\"og:site_name\" content=\"BICeB\u00e9 Blog\" \/>\n<meta property=\"article:publisher\" content=\"https:\/\/www.facebook.com\/BICeBe\" \/>\n<meta property=\"article:published_time\" content=\"2024-11-23T14:25:38+00:00\" \/>\n<meta property=\"article:modified_time\" content=\"2024-11-23T14:25:39+00:00\" \/>\n<meta property=\"og:image\" content=\"http:\/\/www.bicebebolivia.com\/blog\/wp-content\/uploads\/2024\/11\/02-24-.png\" \/>\n\t<meta property=\"og:image:width\" content=\"1502\" \/>\n\t<meta property=\"og:image:height\" content=\"930\" \/>\n\t<meta property=\"og:image:type\" content=\"image\/png\" \/>\n<meta name=\"author\" content=\"Bienal del Cartel Bolivia BICeB\u00e9\" \/>\n<meta name=\"twitter:label1\" content=\"Escrito por\" \/>\n\t<meta name=\"twitter:data1\" content=\"Bienal del Cartel Bolivia BICeB\u00e9\" \/>\n\t<meta name=\"twitter:label2\" content=\"Tiempo de lectura\" \/>\n\t<meta name=\"twitter:data2\" content=\"6 minutos\" \/>\n<script type=\"application\/ld+json\" class=\"yoast-schema-graph\">{\"@context\":\"https:\\\/\\\/schema.org\",\"@graph\":[{\"@type\":\"Article\",\"@id\":\"https:\\\/\\\/www.bicebebolivia.com\\\/blog\\\/convocatoria\\\/lanzamos-nuestras-nuevas-convocatorias-para-la-version-2025-de-la-bienal-de-diseno-y-cartel-bolivia-bicebe\\\/#article\",\"isPartOf\":{\"@id\":\"https:\\\/\\\/www.bicebebolivia.com\\\/blog\\\/convocatoria\\\/lanzamos-nuestras-nuevas-convocatorias-para-la-version-2025-de-la-bienal-de-diseno-y-cartel-bolivia-bicebe\\\/\"},\"author\":{\"name\":\"Bienal del Cartel Bolivia BICeB\u00e9\",\"@id\":\"https:\\\/\\\/www.bicebebolivia.com\\\/blog\\\/#\\\/schema\\\/person\\\/26ad6d9a9ae3f5b7dcc077474d935c36\"},\"headline\":\"Lanzamos nuestras nuevas convocatorias para la versi\u00f3n 2025 de la Bienal de Dise\u00f1o y Cartel Bolivia BICeB\u00e9\",\"datePublished\":\"2024-11-23T14:25:38+00:00\",\"dateModified\":\"2024-11-23T14:25:39+00:00\",\"mainEntityOfPage\":{\"@id\":\"https:\\\/\\\/www.bicebebolivia.com\\\/blog\\\/convocatoria\\\/lanzamos-nuestras-nuevas-convocatorias-para-la-version-2025-de-la-bienal-de-diseno-y-cartel-bolivia-bicebe\\\/\"},\"wordCount\":1073,\"commentCount\":0,\"image\":{\"@id\":\"https:\\\/\\\/www.bicebebolivia.com\\\/blog\\\/convocatoria\\\/lanzamos-nuestras-nuevas-convocatorias-para-la-version-2025-de-la-bienal-de-diseno-y-cartel-bolivia-bicebe\\\/#primaryimage\"},\"thumbnailUrl\":\"https:\\\/\\\/www.bicebebolivia.com\\\/blog\\\/wp-content\\\/uploads\\\/2024\\\/11\\\/02-24-.png\",\"keywords\":[\"BICeB\u00e9 2025\",\"Bolivia\",\"Convocatoria de Carteles\",\"Design Call\",\"Poster Call\"],\"articleSection\":[\"Convocatoria\",\"Convocatoria Internacional\",\"Invitados\",\"Jurados\"],\"inLanguage\":\"es\",\"potentialAction\":[{\"@type\":\"CommentAction\",\"name\":\"Comment\",\"target\":[\"https:\\\/\\\/www.bicebebolivia.com\\\/blog\\\/convocatoria\\\/lanzamos-nuestras-nuevas-convocatorias-para-la-version-2025-de-la-bienal-de-diseno-y-cartel-bolivia-bicebe\\\/#respond\"]}]},{\"@type\":\"WebPage\",\"@id\":\"https:\\\/\\\/www.bicebebolivia.com\\\/blog\\\/convocatoria\\\/lanzamos-nuestras-nuevas-convocatorias-para-la-version-2025-de-la-bienal-de-diseno-y-cartel-bolivia-bicebe\\\/\",\"url\":\"https:\\\/\\\/www.bicebebolivia.com\\\/blog\\\/convocatoria\\\/lanzamos-nuestras-nuevas-convocatorias-para-la-version-2025-de-la-bienal-de-diseno-y-cartel-bolivia-bicebe\\\/\",\"name\":\"Lanzamos nuestras nuevas convocatorias para la versi\u00f3n 2025 de la Bienal de Dise\u00f1o y Cartel Bolivia BICeB\u00e9 - BICeB\u00e9 Blog\",\"isPartOf\":{\"@id\":\"https:\\\/\\\/www.bicebebolivia.com\\\/blog\\\/#website\"},\"primaryImageOfPage\":{\"@id\":\"https:\\\/\\\/www.bicebebolivia.com\\\/blog\\\/convocatoria\\\/lanzamos-nuestras-nuevas-convocatorias-para-la-version-2025-de-la-bienal-de-diseno-y-cartel-bolivia-bicebe\\\/#primaryimage\"},\"image\":{\"@id\":\"https:\\\/\\\/www.bicebebolivia.com\\\/blog\\\/convocatoria\\\/lanzamos-nuestras-nuevas-convocatorias-para-la-version-2025-de-la-bienal-de-diseno-y-cartel-bolivia-bicebe\\\/#primaryimage\"},\"thumbnailUrl\":\"https:\\\/\\\/www.bicebebolivia.com\\\/blog\\\/wp-content\\\/uploads\\\/2024\\\/11\\\/02-24-.png\",\"datePublished\":\"2024-11-23T14:25:38+00:00\",\"dateModified\":\"2024-11-23T14:25:39+00:00\",\"author\":{\"@id\":\"https:\\\/\\\/www.bicebebolivia.com\\\/blog\\\/#\\\/schema\\\/person\\\/26ad6d9a9ae3f5b7dcc077474d935c36\"},\"breadcrumb\":{\"@id\":\"https:\\\/\\\/www.bicebebolivia.com\\\/blog\\\/convocatoria\\\/lanzamos-nuestras-nuevas-convocatorias-para-la-version-2025-de-la-bienal-de-diseno-y-cartel-bolivia-bicebe\\\/#breadcrumb\"},\"inLanguage\":\"es\",\"potentialAction\":[{\"@type\":\"ReadAction\",\"target\":[\"https:\\\/\\\/www.bicebebolivia.com\\\/blog\\\/convocatoria\\\/lanzamos-nuestras-nuevas-convocatorias-para-la-version-2025-de-la-bienal-de-diseno-y-cartel-bolivia-bicebe\\\/\"]}]},{\"@type\":\"ImageObject\",\"inLanguage\":\"es\",\"@id\":\"https:\\\/\\\/www.bicebebolivia.com\\\/blog\\\/convocatoria\\\/lanzamos-nuestras-nuevas-convocatorias-para-la-version-2025-de-la-bienal-de-diseno-y-cartel-bolivia-bicebe\\\/#primaryimage\",\"url\":\"https:\\\/\\\/www.bicebebolivia.com\\\/blog\\\/wp-content\\\/uploads\\\/2024\\\/11\\\/02-24-.png\",\"contentUrl\":\"https:\\\/\\\/www.bicebebolivia.com\\\/blog\\\/wp-content\\\/uploads\\\/2024\\\/11\\\/02-24-.png\",\"width\":1502,\"height\":930},{\"@type\":\"BreadcrumbList\",\"@id\":\"https:\\\/\\\/www.bicebebolivia.com\\\/blog\\\/convocatoria\\\/lanzamos-nuestras-nuevas-convocatorias-para-la-version-2025-de-la-bienal-de-diseno-y-cartel-bolivia-bicebe\\\/#breadcrumb\",\"itemListElement\":[{\"@type\":\"ListItem\",\"position\":1,\"name\":\"Portada\",\"item\":\"https:\\\/\\\/www.bicebebolivia.com\\\/blog\\\/\"},{\"@type\":\"ListItem\",\"position\":2,\"name\":\"Lanzamos nuestras nuevas convocatorias para la versi\u00f3n 2025 de la Bienal de Dise\u00f1o y Cartel Bolivia BICeB\u00e9\"}]},{\"@type\":\"WebSite\",\"@id\":\"https:\\\/\\\/www.bicebebolivia.com\\\/blog\\\/#website\",\"url\":\"https:\\\/\\\/www.bicebebolivia.com\\\/blog\\\/\",\"name\":\"BICeB\u00e9 Blog\",\"description\":\"Bienal del Cartel Bolivia 2021\",\"potentialAction\":[{\"@type\":\"SearchAction\",\"target\":{\"@type\":\"EntryPoint\",\"urlTemplate\":\"https:\\\/\\\/www.bicebebolivia.com\\\/blog\\\/?s={search_term_string}\"},\"query-input\":{\"@type\":\"PropertyValueSpecification\",\"valueRequired\":true,\"valueName\":\"search_term_string\"}}],\"inLanguage\":\"es\"},{\"@type\":\"Person\",\"@id\":\"https:\\\/\\\/www.bicebebolivia.com\\\/blog\\\/#\\\/schema\\\/person\\\/26ad6d9a9ae3f5b7dcc077474d935c36\",\"name\":\"Bienal del Cartel Bolivia BICeB\u00e9\",\"image\":{\"@type\":\"ImageObject\",\"inLanguage\":\"es\",\"@id\":\"https:\\\/\\\/secure.gravatar.com\\\/avatar\\\/7a4b5272639cc73d859204e94c716e9d0dc61543d7f9a64cca5162eb3a30fabb?s=96&d=mm&r=g\",\"url\":\"https:\\\/\\\/secure.gravatar.com\\\/avatar\\\/7a4b5272639cc73d859204e94c716e9d0dc61543d7f9a64cca5162eb3a30fabb?s=96&d=mm&r=g\",\"contentUrl\":\"https:\\\/\\\/secure.gravatar.com\\\/avatar\\\/7a4b5272639cc73d859204e94c716e9d0dc61543d7f9a64cca5162eb3a30fabb?s=96&d=mm&r=g\",\"caption\":\"Bienal del Cartel Bolivia BICeB\u00e9\"},\"url\":\"https:\\\/\\\/www.bicebebolivia.com\\\/blog\\\/author\\\/bicebe_usser\\\/\"}]}<\/script>\n<!-- \/ Yoast SEO plugin. -->","yoast_head_json":{"title":"Lanzamos nuestras nuevas convocatorias para la versi\u00f3n 2025 de la Bienal de Dise\u00f1o y Cartel Bolivia BICeB\u00e9 - BICeB\u00e9 Blog","robots":{"index":"index","follow":"follow","max-snippet":"max-snippet:-1","max-image-preview":"max-image-preview:large","max-video-preview":"max-video-preview:-1"},"canonical":"https:\/\/www.bicebebolivia.com\/blog\/convocatoria\/lanzamos-nuestras-nuevas-convocatorias-para-la-version-2025-de-la-bienal-de-diseno-y-cartel-bolivia-bicebe\/","og_locale":"es_ES","og_type":"article","og_title":"Lanzamos nuestras nuevas convocatorias para la versi\u00f3n 2025 de la Bienal de Dise\u00f1o y Cartel Bolivia BICeB\u00e9 - BICeB\u00e9 Blog","og_description":"La BICeB\u00e9 se realizar\u00e1 el mes de Octubre en las ciudades de La Paz y Cochabamba con una agenda que reunir\u00e1 a los profesionales y creadores de todas las ramas del dise\u00f1o. La Bienal de Dise\u00f1o y Cartel Bolivia BICeB\u00e9 lanz\u00f3 este viernes 22 de noviembre la Convocatoria Internacional de Carteles para su edici\u00f3n de &hellip; Sigue leyendo Lanzamos nuestras nuevas convocatorias para la versi\u00f3n 2025 de la Bienal de Dise\u00f1o y Cartel Bolivia BICeB\u00e9","og_url":"https:\/\/www.bicebebolivia.com\/blog\/convocatoria\/lanzamos-nuestras-nuevas-convocatorias-para-la-version-2025-de-la-bienal-de-diseno-y-cartel-bolivia-bicebe\/","og_site_name":"BICeB\u00e9 Blog","article_publisher":"https:\/\/www.facebook.com\/BICeBe","article_published_time":"2024-11-23T14:25:38+00:00","article_modified_time":"2024-11-23T14:25:39+00:00","og_image":[{"width":1502,"height":930,"url":"http:\/\/www.bicebebolivia.com\/blog\/wp-content\/uploads\/2024\/11\/02-24-.png","type":"image\/png"}],"author":"Bienal del Cartel Bolivia BICeB\u00e9","twitter_misc":{"Escrito por":"Bienal del Cartel Bolivia BICeB\u00e9","Tiempo de lectura":"6 minutos"},"schema":{"@context":"https:\/\/schema.org","@graph":[{"@type":"Article","@id":"https:\/\/www.bicebebolivia.com\/blog\/convocatoria\/lanzamos-nuestras-nuevas-convocatorias-para-la-version-2025-de-la-bienal-de-diseno-y-cartel-bolivia-bicebe\/#article","isPartOf":{"@id":"https:\/\/www.bicebebolivia.com\/blog\/convocatoria\/lanzamos-nuestras-nuevas-convocatorias-para-la-version-2025-de-la-bienal-de-diseno-y-cartel-bolivia-bicebe\/"},"author":{"name":"Bienal del Cartel Bolivia BICeB\u00e9","@id":"https:\/\/www.bicebebolivia.com\/blog\/#\/schema\/person\/26ad6d9a9ae3f5b7dcc077474d935c36"},"headline":"Lanzamos nuestras nuevas convocatorias para la versi\u00f3n 2025 de la Bienal de Dise\u00f1o y Cartel Bolivia BICeB\u00e9","datePublished":"2024-11-23T14:25:38+00:00","dateModified":"2024-11-23T14:25:39+00:00","mainEntityOfPage":{"@id":"https:\/\/www.bicebebolivia.com\/blog\/convocatoria\/lanzamos-nuestras-nuevas-convocatorias-para-la-version-2025-de-la-bienal-de-diseno-y-cartel-bolivia-bicebe\/"},"wordCount":1073,"commentCount":0,"image":{"@id":"https:\/\/www.bicebebolivia.com\/blog\/convocatoria\/lanzamos-nuestras-nuevas-convocatorias-para-la-version-2025-de-la-bienal-de-diseno-y-cartel-bolivia-bicebe\/#primaryimage"},"thumbnailUrl":"https:\/\/www.bicebebolivia.com\/blog\/wp-content\/uploads\/2024\/11\/02-24-.png","keywords":["BICeB\u00e9 2025","Bolivia","Convocatoria de Carteles","Design Call","Poster Call"],"articleSection":["Convocatoria","Convocatoria Internacional","Invitados","Jurados"],"inLanguage":"es","potentialAction":[{"@type":"CommentAction","name":"Comment","target":["https:\/\/www.bicebebolivia.com\/blog\/convocatoria\/lanzamos-nuestras-nuevas-convocatorias-para-la-version-2025-de-la-bienal-de-diseno-y-cartel-bolivia-bicebe\/#respond"]}]},{"@type":"WebPage","@id":"https:\/\/www.bicebebolivia.com\/blog\/convocatoria\/lanzamos-nuestras-nuevas-convocatorias-para-la-version-2025-de-la-bienal-de-diseno-y-cartel-bolivia-bicebe\/","url":"https:\/\/www.bicebebolivia.com\/blog\/convocatoria\/lanzamos-nuestras-nuevas-convocatorias-para-la-version-2025-de-la-bienal-de-diseno-y-cartel-bolivia-bicebe\/","name":"Lanzamos nuestras nuevas convocatorias para la versi\u00f3n 2025 de la Bienal de Dise\u00f1o y Cartel Bolivia BICeB\u00e9 - BICeB\u00e9 Blog","isPartOf":{"@id":"https:\/\/www.bicebebolivia.com\/blog\/#website"},"primaryImageOfPage":{"@id":"https:\/\/www.bicebebolivia.com\/blog\/convocatoria\/lanzamos-nuestras-nuevas-convocatorias-para-la-version-2025-de-la-bienal-de-diseno-y-cartel-bolivia-bicebe\/#primaryimage"},"image":{"@id":"https:\/\/www.bicebebolivia.com\/blog\/convocatoria\/lanzamos-nuestras-nuevas-convocatorias-para-la-version-2025-de-la-bienal-de-diseno-y-cartel-bolivia-bicebe\/#primaryimage"},"thumbnailUrl":"https:\/\/www.bicebebolivia.com\/blog\/wp-content\/uploads\/2024\/11\/02-24-.png","datePublished":"2024-11-23T14:25:38+00:00","dateModified":"2024-11-23T14:25:39+00:00","author":{"@id":"https:\/\/www.bicebebolivia.com\/blog\/#\/schema\/person\/26ad6d9a9ae3f5b7dcc077474d935c36"},"breadcrumb":{"@id":"https:\/\/www.bicebebolivia.com\/blog\/convocatoria\/lanzamos-nuestras-nuevas-convocatorias-para-la-version-2025-de-la-bienal-de-diseno-y-cartel-bolivia-bicebe\/#breadcrumb"},"inLanguage":"es","potentialAction":[{"@type":"ReadAction","target":["https:\/\/www.bicebebolivia.com\/blog\/convocatoria\/lanzamos-nuestras-nuevas-convocatorias-para-la-version-2025-de-la-bienal-de-diseno-y-cartel-bolivia-bicebe\/"]}]},{"@type":"ImageObject","inLanguage":"es","@id":"https:\/\/www.bicebebolivia.com\/blog\/convocatoria\/lanzamos-nuestras-nuevas-convocatorias-para-la-version-2025-de-la-bienal-de-diseno-y-cartel-bolivia-bicebe\/#primaryimage","url":"https:\/\/www.bicebebolivia.com\/blog\/wp-content\/uploads\/2024\/11\/02-24-.png","contentUrl":"https:\/\/www.bicebebolivia.com\/blog\/wp-content\/uploads\/2024\/11\/02-24-.png","width":1502,"height":930},{"@type":"BreadcrumbList","@id":"https:\/\/www.bicebebolivia.com\/blog\/convocatoria\/lanzamos-nuestras-nuevas-convocatorias-para-la-version-2025-de-la-bienal-de-diseno-y-cartel-bolivia-bicebe\/#breadcrumb","itemListElement":[{"@type":"ListItem","position":1,"name":"Portada","item":"https:\/\/www.bicebebolivia.com\/blog\/"},{"@type":"ListItem","position":2,"name":"Lanzamos nuestras nuevas convocatorias para la versi\u00f3n 2025 de la Bienal de Dise\u00f1o y Cartel Bolivia BICeB\u00e9"}]},{"@type":"WebSite","@id":"https:\/\/www.bicebebolivia.com\/blog\/#website","url":"https:\/\/www.bicebebolivia.com\/blog\/","name":"BICeB\u00e9 Blog","description":"Bienal del Cartel Bolivia 2021","potentialAction":[{"@type":"SearchAction","target":{"@type":"EntryPoint","urlTemplate":"https:\/\/www.bicebebolivia.com\/blog\/?s={search_term_string}"},"query-input":{"@type":"PropertyValueSpecification","valueRequired":true,"valueName":"search_term_string"}}],"inLanguage":"es"},{"@type":"Person","@id":"https:\/\/www.bicebebolivia.com\/blog\/#\/schema\/person\/26ad6d9a9ae3f5b7dcc077474d935c36","name":"Bienal del Cartel Bolivia BICeB\u00e9","image":{"@type":"ImageObject","inLanguage":"es","@id":"https:\/\/secure.gravatar.com\/avatar\/7a4b5272639cc73d859204e94c716e9d0dc61543d7f9a64cca5162eb3a30fabb?s=96&d=mm&r=g","url":"https:\/\/secure.gravatar.com\/avatar\/7a4b5272639cc73d859204e94c716e9d0dc61543d7f9a64cca5162eb3a30fabb?s=96&d=mm&r=g","contentUrl":"https:\/\/secure.gravatar.com\/avatar\/7a4b5272639cc73d859204e94c716e9d0dc61543d7f9a64cca5162eb3a30fabb?s=96&d=mm&r=g","caption":"Bienal del Cartel Bolivia BICeB\u00e9"},"url":"https:\/\/www.bicebebolivia.com\/blog\/author\/bicebe_usser\/"}]}},"_links":{"self":[{"href":"https:\/\/www.bicebebolivia.com\/blog\/wp-json\/wp\/v2\/posts\/763","targetHints":{"allow":["GET"]}}],"collection":[{"href":"https:\/\/www.bicebebolivia.com\/blog\/wp-json\/wp\/v2\/posts"}],"about":[{"href":"https:\/\/www.bicebebolivia.com\/blog\/wp-json\/wp\/v2\/types\/post"}],"author":[{"embeddable":true,"href":"https:\/\/www.bicebebolivia.com\/blog\/wp-json\/wp\/v2\/users\/2"}],"replies":[{"embeddable":true,"href":"https:\/\/www.bicebebolivia.com\/blog\/wp-json\/wp\/v2\/comments?post=763"}],"version-history":[{"count":1,"href":"https:\/\/www.bicebebolivia.com\/blog\/wp-json\/wp\/v2\/posts\/763\/revisions"}],"predecessor-version":[{"id":764,"href":"https:\/\/www.bicebebolivia.com\/blog\/wp-json\/wp\/v2\/posts\/763\/revisions\/764"}],"wp:featuredmedia":[{"embeddable":true,"href":"https:\/\/www.bicebebolivia.com\/blog\/wp-json\/wp\/v2\/media\/765"}],"wp:attachment":[{"href":"https:\/\/www.bicebebolivia.com\/blog\/wp-json\/wp\/v2\/media?parent=763"}],"wp:term":[{"taxonomy":"category","embeddable":true,"href":"https:\/\/www.bicebebolivia.com\/blog\/wp-json\/wp\/v2\/categories?post=763"},{"taxonomy":"post_tag","embeddable":true,"href":"https:\/\/www.bicebebolivia.com\/blog\/wp-json\/wp\/v2\/tags?post=763"}],"curies":[{"name":"wp","href":"https:\/\/api.w.org\/{rel}","templated":true}]}}