{"id":767,"date":"2025-04-01T15:42:44","date_gmt":"2025-04-01T19:42:44","guid":{"rendered":"https:\/\/www.bicebebolivia.com\/blog\/?p=767"},"modified":"2025-04-01T15:47:44","modified_gmt":"2025-04-01T19:47:44","slug":"dia-internacional-del-diseno-2025-optimismo-extraordinario","status":"publish","type":"post","link":"https:\/\/www.bicebebolivia.com\/blog\/ico-d\/dia-internacional-del-diseno-2025-optimismo-extraordinario\/","title":{"rendered":"D\u00eda Internacional del Dise\u00f1o 2025: Optimismo Extraordinario"},"content":{"rendered":"\n<p>Por: ico-D<\/p>\n\n\n\n<h3 class=\"wp-block-heading\">El tema del IDD2025, <strong>Optimismo Extraordinario<\/strong>, trata de romper mitos y rechazar las narrativas pesimistas y catastrofistas. Este a\u00f1o, el tema est\u00e1 siendo desarrollado por nuestro miembro anfitri\u00f3n, la <strong>Asociaci\u00f3n de Dise\u00f1adores Gr\u00e1ficos de Polonia (STGU)<\/strong>, con un cartel dise\u00f1ado por la <strong>dise\u00f1adora gr\u00e1fica, ilustradora y directora de arte ucraniana Olena Tverdokhlib<\/strong>, a quien hemos invitado para ofrecer su interpretaci\u00f3n \u00fanica del concepto.<\/h3>\n\n\n\n<h2 class=\"wp-block-heading\">INTRODUCCI\u00d3N<\/h2>\n\n\n\n<p>Los seres humanos siempre han querido m\u00e1s: m\u00e1s tierra, m\u00e1s agua, m\u00e1s aire, m\u00e1s materiales. Sin embargo, hist\u00f3ricamente y hasta hoy, esta b\u00fasqueda de \u201cm\u00e1s\u201d no ha sido justa. Los ecosistemas y los espacios naturales de los cuales extraemos recursos han sido sometidos a sistemas de producci\u00f3n, consumo y distribuci\u00f3n injustos, que no respetan a todas las personas, y mucho menos a las dem\u00e1s formas de vida en el planeta.<\/p>\n\n\n\n<p>Para los dise\u00f1adores que viven y trabajan en esta realidad, en la que el acto de crear sigue siendo esencial, surge una pregunta: <strong>\u00bfy si en lugar de rehacer el mundo, nos reimaginamos a nosotros mismos?<\/strong> \u00bfQu\u00e9 pasar\u00eda si dej\u00e1ramos de hacer m\u00e1s y consider\u00e1ramos que, tal vez\u2026 ya hay suficiente? Para imaginar esta nueva forma de dise\u00f1ar, te invitamos a adoptar una mentalidad especulativa basada en un <strong>optimismo extraordinario<\/strong>.<\/p>\n\n\n\n<hr class=\"wp-block-separator has-alpha-channel-opacity\"\/>\n\n\n\n<h2 class=\"wp-block-heading\">TRANSFORMANDO EL MITO DE LA ABUNDANCIA<\/h2>\n\n\n\n<p>Cuando comprendemos y experimentamos el planeta en sus m\u00faltiples escalas y temporalidades (un enfoque conocido como \u201cpensamiento a escala planetaria\u201d), surge un hecho positivo: <strong>el planeta s\u00ed tiene suficientes recursos para todos<\/strong>. Tierra, agua, alimentos, refugio y todos los maravillosos materiales naturales que utilizamos para crear y dise\u00f1ar existen en abundancia.<\/p>\n\n\n\n<p>El mito de la escasez es solo eso: un mito. <strong>La abundancia es real<\/strong>; el problema radica en la distribuci\u00f3n, el consumo desmedido, la moda r\u00e1pida, las monta\u00f1as de basura&#8230; el exceso de cosas. Los enfoques centrados exclusivamente en el ser humano ya no responden de manera justa a la escala del equilibrio planetario. Entonces, \u00bfqu\u00e9 sigue?<\/p>\n\n\n\n<hr class=\"wp-block-separator has-alpha-channel-opacity\"\/>\n\n\n\n<h2 class=\"wp-block-heading\">RECHAZANDO EL PESIMISMO Y EL EXCESO<\/h2>\n\n\n\n<p>\u00bfQu\u00e9 pasar\u00eda si los dise\u00f1adores adoptaran el <strong>optimismo extraordinario<\/strong> como una actitud y un m\u00e9todo de dise\u00f1o audaz y especulativo? Sabemos que, en estos tiempos, el optimismo puede parecer fuera de lugar\u2014<strong>un pensamiento extraordinario<\/strong>. \u00bfC\u00f3mo nos atrevemos a ser optimistas en medio de crisis ecol\u00f3gicas, guerras, codicia y una inminente avalancha de residuos? \u00bfNo ser\u00eda m\u00e1s responsable adoptar una postura pesimista y de resignaci\u00f3n ante este panorama?<\/p>\n\n\n\n<p>Lo cierto es que <strong>se ha demostrado que una mentalidad optimista impulsa resultados positivos<\/strong>. No solo favorece la longevidad humana, sino que tambi\u00e9n estimula la capacidad de llevar a cabo acciones concretas para el cambio. Y, a\u00fan m\u00e1s radical, \u00bfqu\u00e9 pasar\u00eda si este <strong>optimismo extraordinario<\/strong> nos devolviera la capacidad de asombro y fascinaci\u00f3n por la riqueza del mundo?<\/p>\n\n\n\n<p>\u00bfQu\u00e9 suceder\u00eda si este enfoque despertara la creatividad en nuestras relaciones y en nuestro trabajo, permiti\u00e9ndonos dejar de extraer unos de otros y del planeta, para comenzar a sintonizarnos de manera diferente con las din\u00e1micas complejas que sustentan el equilibrio, la equidad y el florecimiento de la vida?<\/p>\n\n\n\n<h2 class=\"wp-block-heading\">EVENTO OPTIMISMO EXTRAORDINARIO \u2014 D\u00eda Internacional del Dise\u00f1o 2025 \/ Polonia<\/h2>\n\n\n\n<h3 class=\"wp-block-heading\">EL OPTIMISMO COMO PR\u00c1CTICA DE DISE\u00d1O<\/h3>\n\n\n\n<blockquote class=\"wp-block-quote is-layout-flow wp-block-quote-is-layout-flow\">\n<p>\u00abComo dise\u00f1adores, el optimismo forma parte de nuestro ADN. Estamos formados para mirar hacia adelante, imaginar y dar forma. Pero el optimismo no es autom\u00e1tico. Es una habilidad. Una elecci\u00f3n. Una responsabilidad. Y, en \u00faltima instancia, una pr\u00e1ctica.<\/p>\n<\/blockquote>\n\n\n\n<blockquote class=\"wp-block-quote is-layout-flow wp-block-quote-is-layout-flow\">\n<p>Estamos entrenados para anticiparnos. Poseemos conocimientos, herramientas e imaginaci\u00f3n para transformar perspectivas\u2014las nuestras y las de los dem\u00e1s. Por eso, el optimismo est\u00e1 en el coraz\u00f3n del dise\u00f1o. Sin embargo, usarlo o no depende de nuestra disposici\u00f3n y nuestra capacidad de acci\u00f3n.<\/p>\n<\/blockquote>\n\n\n\n<blockquote class=\"wp-block-quote is-layout-flow wp-block-quote-is-layout-flow\">\n<p>En un mundo de agotamiento, cinismo, crisis clim\u00e1tica, guerra, velocidad y superficialidad, el optimismo puede parecer absurdo. Pero, \u00bfy si el optimismo fuera la herramienta creativa m\u00e1s radical y poderosa que poseemos?<\/p>\n<\/blockquote>\n\n\n\n<blockquote class=\"wp-block-quote is-layout-flow wp-block-quote-is-layout-flow\">\n<p>El evento de la STGU para el D\u00eda Internacional del Dise\u00f1o 2025 es una narraci\u00f3n polif\u00f3nica sobre el <strong>Optimismo Extraordinario<\/strong> como una postura profesional real. Es un encuentro de personas que practican el optimismo a trav\u00e9s de la acci\u00f3n. No desde la teor\u00eda, sino <strong>desde el dise\u00f1o<\/strong>.\u00bb<\/p>\n<\/blockquote>\n\n\n\n<p>\u2014 <strong>Asociaci\u00f3n de Dise\u00f1adores Gr\u00e1ficos de Polonia (STGU), liderada por Lena Pianovska (miembro del consejo)<\/strong><\/p>\n\n\n\n<hr class=\"wp-block-separator has-alpha-channel-opacity\"\/>\n\n\n\n<h2 class=\"wp-block-heading\">PROGRAMA Y CONFERENCIAS<\/h2>\n\n\n\n<h3 class=\"wp-block-heading\"><strong>Bartek Kotowicz (PL)<\/strong><\/h3>\n\n\n\n<p><strong>\u00abLa confianza en uno mismo es una estrategia.\u00bb<\/strong><br>Estratega de marca, experto en LinkedIn, mentor y educador.<br>Ayuda a creativos a construir una presencia aut\u00e9ntica en l\u00ednea, sin presiones ni artificios. Muestra c\u00f3mo los dise\u00f1adores pueden destacar en un mundo donde la imaginaci\u00f3n ha sido relegada por el an\u00e1lisis de datos. <strong>\u00bfLinkedIn sin verg\u00fcenza ajena?<\/strong> Tambi\u00e9n eso es una forma de optimismo.<\/p>\n\n\n\n<h3 class=\"wp-block-heading\"><strong>Anssi K\u00e4h\u00e4r\u00e4 (FI)<\/strong><\/h3>\n\n\n\n<p><strong>\u00abLa humanidad es el briefing definitivo.\u00bb<\/strong><br>Director Creativo de Werklig, presidente de Grafia, jurado en tres continentes.<br>Autor de la nueva identidad de Helsinki y uno de los dise\u00f1adores m\u00e1s influyentes de Europa. Aporta el enfoque n\u00f3rdico: sereno, perspicaz y con una confianza interior. Demuestra c\u00f3mo incluso los sistemas p\u00fablicos pueden redise\u00f1arse con cuidado y valent\u00eda. Cree que el dise\u00f1o puede hacer que lo p\u00fablico sea <strong>m\u00e1s humano<\/strong>.<\/p>\n\n\n\n<h3 class=\"wp-block-heading\"><strong>Pani Jurek (PL)<\/strong><\/h3>\n\n\n\n<p><strong>\u00abLa belleza como resistencia.\u00bb<\/strong><br>Artista, dise\u00f1adora y fundadora de un estudio independiente de cer\u00e1mica.<br>Crea objetos sensoriales e interactivos que oscilan entre el arte y el dise\u00f1o. Su trabajo es una <strong>materializaci\u00f3n de la esperanza<\/strong>. La belleza y la tactilidad se convierten en una forma de resistencia en un mundo cada vez m\u00e1s fr\u00edo y desconectado de los sentidos.<\/p>\n\n\n\n<h3 class=\"wp-block-heading\"><strong>Lena Pianovska &amp; Bo\u017cena Cichecka (PL)<\/strong><\/h3>\n\n\n\n<p><strong>\u00abLa confianza como estrategia: estudio de caso del Centro de M\u00fasica de Cracovia.\u00bb<\/strong><br>Miembros del consejo de la STGU. Dos creadoras. Dos perspectivas. Un compromiso compartido.<br>La historia de su colaboraci\u00f3n con la ciudad de Cracovia para la identidad del Centro de M\u00fasica. Un concurso p\u00fablico que no se convirti\u00f3 en una farsa, sino en un <strong>proceso ejemplar basado en la confianza, la colaboraci\u00f3n y el oficio<\/strong>. Un caso que demuestra que la confianza puede llevar al mejor proceso de dise\u00f1o p\u00fablico en Polonia hasta la fecha.<\/p>\n\n\n\n<blockquote class=\"wp-block-quote is-layout-flow wp-block-quote-is-layout-flow\">\n<p>\u00abTrabajamos con empresas, instituciones culturales, municipios y ONG. Sabemos que el optimismo es una elecci\u00f3n, y que vale la pena dise\u00f1ar para los buenos tiempos, no solo para los dif\u00edciles.\u00bb<\/p>\n<\/blockquote>\n\n\n\n<hr class=\"wp-block-separator has-alpha-channel-opacity\"\/>\n\n\n\n<h2 class=\"wp-block-heading\">FORMATO DEL EVENTO<\/h2>\n\n\n\n<ul class=\"wp-block-list\">\n<li><strong>H\u00edbrido:<\/strong> Varsovia + transmisi\u00f3n en vivo (por confirmar)<\/li>\n\n\n\n<li><strong>Idiomas:<\/strong> Polaco e ingl\u00e9s (sin traducci\u00f3n)<\/li>\n\n\n\n<li><strong>Invitados:<\/strong> De Polonia, Finlandia y otros pa\u00edses<\/li>\n\n\n\n<li><strong>Formato:<\/strong> Talleres, conferencias, conversaciones y estudios de caso<\/li>\n<\/ul>\n\n\n\n<hr class=\"wp-block-separator has-alpha-channel-opacity\"\/>\n\n\n\n<h2 class=\"wp-block-heading\">NOTA DE STGU<\/h2>\n\n\n\n<p><strong>Este no es un evento sobre la perfecci\u00f3n.<\/strong> Es un encuentro de personas que trabajan porque creen que <strong>lo mejor es posible<\/strong>. <strong>El Optimismo Extraordinario no es un tema, sino una postura.<\/strong><\/p>\n\n\n\n<p>Es el acto de trabajar como si el mundo pudiera arreglarse. Porque puede.<\/p>\n\n\n\n<p>En Polonia\u2014un lugar donde la historia est\u00e1 siempre presente\u2014el optimismo debe construirse con cuidado. Es un acto consciente de <strong>desaf\u00edo creativo<\/strong>. Nuestro programa nos recuerda que, incluso en medio de ruinas, podemos imaginar y dise\u00f1ar para tiempos mejores. No solo para sobrevivir.<\/p>\n\n\n\n<h2 class=\"wp-block-heading\"><br>ACCIONES Y PROPUESTAS PARA 2025<\/h2>\n\n\n\n<p>\u00bfBuscas m\u00e1s ideas para celebrar el D\u00eda Internacional del Dise\u00f1o 2025? Aqu\u00ed tienes algunas maneras de unirte a la conversaci\u00f3n:<\/p>\n\n\n\n<p>Invitamos a dise\u00f1adores y organizaciones a <strong>crear eventos en torno a este tema<\/strong>. Estos pueden incluir actividades digitales como entrevistas en vivo, conferencias, charlas transmitidas en redes sociales, as\u00ed como encuentros presenciales, debates o talleres inspirados en este concepto y en las siguientes preguntas:<\/p>\n\n\n\n<p>\u2014 <strong>\u00bfTu dise\u00f1o es optimista?<\/strong><\/p>\n\n\n\n<p>\u2014 <strong>\u00bfTe sientes abrumado por la presi\u00f3n de crear m\u00e1s \u201ccosas\u201d, de dise\u00f1ar objetos o sistemas de distribuci\u00f3n que no son justos ni \u00e9ticos?<\/strong> \u00bfC\u00f3mo podr\u00eda tu pr\u00e1ctica de dise\u00f1o desafiar el mito de que \u201cno hay suficientes\u201d recursos para todos?<\/p>\n\n\n\n<p>\u2014 <strong>\u00bfQu\u00e9 narrativas pesimistas te est\u00e1n limitando para dise\u00f1ar de la manera en que realmente quieres?<\/strong> \u00bfC\u00f3mo podr\u00edas incorporar m\u00e1s positividad en tu pr\u00e1ctica?<\/p>\n\n\n\n<p>\u2014 <strong>\u00bfC\u00f3mo puedes usar las herramientas del dise\u00f1o para cambiar percepciones y permitir que todas las personas y seres vivos prosperen?<\/strong> \u00bfPuedes imaginar un modelo positivo para algo que a\u00fan no existe?<\/p>\n\n\n\n<p>\u2014 <strong>\u00bfQu\u00e9 acto de dise\u00f1o extraordinario podr\u00edas llevar a cabo para demostrar que el optimismo puede fomentar el equilibrio, la equidad y el florecimiento de la vida?<\/strong><\/p>\n\n\n\n<p><em><strong>La BIENAL DE DISE\u00d1O Y CARTEL BOLIVIA BICeB\u00e9 es miembro de Consejo Internacional de Dise\u00f1o ico-D<\/strong><\/em><\/p>\n\n\n\n<p><\/p>\n\n\n\n<p>FUENTE: ico-D <br>https:\/\/www.theicod.org\/en\/resources\/news-archive\/international-design-day-2025-outlandish-optimism<\/p>\n\n\n\n<p><\/p>\n","protected":false},"excerpt":{"rendered":"<p>Por: ico-D El tema del IDD2025, Optimismo Extraordinario, trata de romper mitos y rechazar las narrativas pesimistas y catastrofistas. Este a\u00f1o, el tema est\u00e1 siendo desarrollado por nuestro miembro anfitri\u00f3n, la Asociaci\u00f3n de Dise\u00f1adores Gr\u00e1ficos de Polonia (STGU), con un cartel dise\u00f1ado por la dise\u00f1adora gr\u00e1fica, ilustradora y directora de arte ucraniana Olena Tverdokhlib, a &hellip; <a href=\"https:\/\/www.bicebebolivia.com\/blog\/ico-d\/dia-internacional-del-diseno-2025-optimismo-extraordinario\/\" class=\"more-link\">Sigue leyendo <span class=\"screen-reader-text\">D\u00eda Internacional del Dise\u00f1o 2025: Optimismo Extraordinario<\/span><\/a><\/p>\n","protected":false},"author":2,"featured_media":768,"comment_status":"open","ping_status":"open","sticky":false,"template":"","format":"standard","meta":{"footnotes":""},"categories":[65,1],"tags":[],"class_list":["post-767","post","type-post","status-publish","format-standard","has-post-thumbnail","hentry","category-ico-d","category-sin-categoria"],"yoast_head":"<!-- This site is optimized with the Yoast SEO plugin v27.5 - https:\/\/yoast.com\/product\/yoast-seo-wordpress\/ -->\n<title>D\u00eda Internacional del Dise\u00f1o 2025: Optimismo Extraordinario - BICeB\u00e9 Blog<\/title>\n<meta name=\"robots\" content=\"index, follow, max-snippet:-1, max-image-preview:large, max-video-preview:-1\" \/>\n<link rel=\"canonical\" href=\"https:\/\/www.bicebebolivia.com\/blog\/ico-d\/dia-internacional-del-diseno-2025-optimismo-extraordinario\/\" \/>\n<meta property=\"og:locale\" content=\"es_ES\" \/>\n<meta property=\"og:type\" content=\"article\" \/>\n<meta property=\"og:title\" content=\"D\u00eda Internacional del Dise\u00f1o 2025: Optimismo Extraordinario - BICeB\u00e9 Blog\" \/>\n<meta property=\"og:description\" content=\"Por: ico-D El tema del IDD2025, Optimismo Extraordinario, trata de romper mitos y rechazar las narrativas pesimistas y catastrofistas. Este a\u00f1o, el tema est\u00e1 siendo desarrollado por nuestro miembro anfitri\u00f3n, la Asociaci\u00f3n de Dise\u00f1adores Gr\u00e1ficos de Polonia (STGU), con un cartel dise\u00f1ado por la dise\u00f1adora gr\u00e1fica, ilustradora y directora de arte ucraniana Olena Tverdokhlib, a &hellip; Sigue leyendo D\u00eda Internacional del Dise\u00f1o 2025: Optimismo Extraordinario\" \/>\n<meta property=\"og:url\" content=\"https:\/\/www.bicebebolivia.com\/blog\/ico-d\/dia-internacional-del-diseno-2025-optimismo-extraordinario\/\" \/>\n<meta property=\"og:site_name\" content=\"BICeB\u00e9 Blog\" \/>\n<meta property=\"article:publisher\" content=\"https:\/\/www.facebook.com\/BICeBe\" \/>\n<meta property=\"article:published_time\" content=\"2025-04-01T19:42:44+00:00\" \/>\n<meta property=\"article:modified_time\" content=\"2025-04-01T19:47:44+00:00\" \/>\n<meta property=\"og:image\" content=\"http:\/\/www.bicebebolivia.com\/blog\/wp-content\/uploads\/2025\/04\/04.25.png\" \/>\n\t<meta property=\"og:image:width\" content=\"1536\" \/>\n\t<meta property=\"og:image:height\" content=\"807\" \/>\n\t<meta property=\"og:image:type\" content=\"image\/png\" \/>\n<meta name=\"author\" content=\"Bienal del Cartel Bolivia BICeB\u00e9\" \/>\n<meta name=\"twitter:label1\" content=\"Escrito por\" \/>\n\t<meta name=\"twitter:data1\" content=\"Bienal del Cartel Bolivia BICeB\u00e9\" \/>\n\t<meta name=\"twitter:label2\" content=\"Tiempo de lectura\" \/>\n\t<meta name=\"twitter:data2\" content=\"6 minutos\" \/>\n<script type=\"application\/ld+json\" class=\"yoast-schema-graph\">{\"@context\":\"https:\\\/\\\/schema.org\",\"@graph\":[{\"@type\":\"Article\",\"@id\":\"https:\\\/\\\/www.bicebebolivia.com\\\/blog\\\/ico-d\\\/dia-internacional-del-diseno-2025-optimismo-extraordinario\\\/#article\",\"isPartOf\":{\"@id\":\"https:\\\/\\\/www.bicebebolivia.com\\\/blog\\\/ico-d\\\/dia-internacional-del-diseno-2025-optimismo-extraordinario\\\/\"},\"author\":{\"name\":\"Bienal del Cartel Bolivia BICeB\u00e9\",\"@id\":\"https:\\\/\\\/www.bicebebolivia.com\\\/blog\\\/#\\\/schema\\\/person\\\/26ad6d9a9ae3f5b7dcc077474d935c36\"},\"headline\":\"D\u00eda Internacional del Dise\u00f1o 2025: Optimismo Extraordinario\",\"datePublished\":\"2025-04-01T19:42:44+00:00\",\"dateModified\":\"2025-04-01T19:47:44+00:00\",\"mainEntityOfPage\":{\"@id\":\"https:\\\/\\\/www.bicebebolivia.com\\\/blog\\\/ico-d\\\/dia-internacional-del-diseno-2025-optimismo-extraordinario\\\/\"},\"wordCount\":1508,\"commentCount\":0,\"image\":{\"@id\":\"https:\\\/\\\/www.bicebebolivia.com\\\/blog\\\/ico-d\\\/dia-internacional-del-diseno-2025-optimismo-extraordinario\\\/#primaryimage\"},\"thumbnailUrl\":\"https:\\\/\\\/www.bicebebolivia.com\\\/blog\\\/wp-content\\\/uploads\\\/2025\\\/04\\\/04.25.png\",\"articleSection\":[\"ico-d\",\"Noticias\"],\"inLanguage\":\"es\",\"potentialAction\":[{\"@type\":\"CommentAction\",\"name\":\"Comment\",\"target\":[\"https:\\\/\\\/www.bicebebolivia.com\\\/blog\\\/ico-d\\\/dia-internacional-del-diseno-2025-optimismo-extraordinario\\\/#respond\"]}]},{\"@type\":\"WebPage\",\"@id\":\"https:\\\/\\\/www.bicebebolivia.com\\\/blog\\\/ico-d\\\/dia-internacional-del-diseno-2025-optimismo-extraordinario\\\/\",\"url\":\"https:\\\/\\\/www.bicebebolivia.com\\\/blog\\\/ico-d\\\/dia-internacional-del-diseno-2025-optimismo-extraordinario\\\/\",\"name\":\"D\u00eda Internacional del Dise\u00f1o 2025: Optimismo Extraordinario - BICeB\u00e9 Blog\",\"isPartOf\":{\"@id\":\"https:\\\/\\\/www.bicebebolivia.com\\\/blog\\\/#website\"},\"primaryImageOfPage\":{\"@id\":\"https:\\\/\\\/www.bicebebolivia.com\\\/blog\\\/ico-d\\\/dia-internacional-del-diseno-2025-optimismo-extraordinario\\\/#primaryimage\"},\"image\":{\"@id\":\"https:\\\/\\\/www.bicebebolivia.com\\\/blog\\\/ico-d\\\/dia-internacional-del-diseno-2025-optimismo-extraordinario\\\/#primaryimage\"},\"thumbnailUrl\":\"https:\\\/\\\/www.bicebebolivia.com\\\/blog\\\/wp-content\\\/uploads\\\/2025\\\/04\\\/04.25.png\",\"datePublished\":\"2025-04-01T19:42:44+00:00\",\"dateModified\":\"2025-04-01T19:47:44+00:00\",\"author\":{\"@id\":\"https:\\\/\\\/www.bicebebolivia.com\\\/blog\\\/#\\\/schema\\\/person\\\/26ad6d9a9ae3f5b7dcc077474d935c36\"},\"breadcrumb\":{\"@id\":\"https:\\\/\\\/www.bicebebolivia.com\\\/blog\\\/ico-d\\\/dia-internacional-del-diseno-2025-optimismo-extraordinario\\\/#breadcrumb\"},\"inLanguage\":\"es\",\"potentialAction\":[{\"@type\":\"ReadAction\",\"target\":[\"https:\\\/\\\/www.bicebebolivia.com\\\/blog\\\/ico-d\\\/dia-internacional-del-diseno-2025-optimismo-extraordinario\\\/\"]}]},{\"@type\":\"ImageObject\",\"inLanguage\":\"es\",\"@id\":\"https:\\\/\\\/www.bicebebolivia.com\\\/blog\\\/ico-d\\\/dia-internacional-del-diseno-2025-optimismo-extraordinario\\\/#primaryimage\",\"url\":\"https:\\\/\\\/www.bicebebolivia.com\\\/blog\\\/wp-content\\\/uploads\\\/2025\\\/04\\\/04.25.png\",\"contentUrl\":\"https:\\\/\\\/www.bicebebolivia.com\\\/blog\\\/wp-content\\\/uploads\\\/2025\\\/04\\\/04.25.png\",\"width\":1536,\"height\":807},{\"@type\":\"BreadcrumbList\",\"@id\":\"https:\\\/\\\/www.bicebebolivia.com\\\/blog\\\/ico-d\\\/dia-internacional-del-diseno-2025-optimismo-extraordinario\\\/#breadcrumb\",\"itemListElement\":[{\"@type\":\"ListItem\",\"position\":1,\"name\":\"Portada\",\"item\":\"https:\\\/\\\/www.bicebebolivia.com\\\/blog\\\/\"},{\"@type\":\"ListItem\",\"position\":2,\"name\":\"D\u00eda Internacional del Dise\u00f1o 2025: Optimismo Extraordinario\"}]},{\"@type\":\"WebSite\",\"@id\":\"https:\\\/\\\/www.bicebebolivia.com\\\/blog\\\/#website\",\"url\":\"https:\\\/\\\/www.bicebebolivia.com\\\/blog\\\/\",\"name\":\"BICeB\u00e9 Blog\",\"description\":\"Bienal del Cartel Bolivia 2021\",\"potentialAction\":[{\"@type\":\"SearchAction\",\"target\":{\"@type\":\"EntryPoint\",\"urlTemplate\":\"https:\\\/\\\/www.bicebebolivia.com\\\/blog\\\/?s={search_term_string}\"},\"query-input\":{\"@type\":\"PropertyValueSpecification\",\"valueRequired\":true,\"valueName\":\"search_term_string\"}}],\"inLanguage\":\"es\"},{\"@type\":\"Person\",\"@id\":\"https:\\\/\\\/www.bicebebolivia.com\\\/blog\\\/#\\\/schema\\\/person\\\/26ad6d9a9ae3f5b7dcc077474d935c36\",\"name\":\"Bienal del Cartel Bolivia BICeB\u00e9\",\"image\":{\"@type\":\"ImageObject\",\"inLanguage\":\"es\",\"@id\":\"https:\\\/\\\/secure.gravatar.com\\\/avatar\\\/7a4b5272639cc73d859204e94c716e9d0dc61543d7f9a64cca5162eb3a30fabb?s=96&d=mm&r=g\",\"url\":\"https:\\\/\\\/secure.gravatar.com\\\/avatar\\\/7a4b5272639cc73d859204e94c716e9d0dc61543d7f9a64cca5162eb3a30fabb?s=96&d=mm&r=g\",\"contentUrl\":\"https:\\\/\\\/secure.gravatar.com\\\/avatar\\\/7a4b5272639cc73d859204e94c716e9d0dc61543d7f9a64cca5162eb3a30fabb?s=96&d=mm&r=g\",\"caption\":\"Bienal del Cartel Bolivia BICeB\u00e9\"},\"url\":\"https:\\\/\\\/www.bicebebolivia.com\\\/blog\\\/author\\\/bicebe_usser\\\/\"}]}<\/script>\n<!-- \/ Yoast SEO plugin. -->","yoast_head_json":{"title":"D\u00eda Internacional del Dise\u00f1o 2025: Optimismo Extraordinario - BICeB\u00e9 Blog","robots":{"index":"index","follow":"follow","max-snippet":"max-snippet:-1","max-image-preview":"max-image-preview:large","max-video-preview":"max-video-preview:-1"},"canonical":"https:\/\/www.bicebebolivia.com\/blog\/ico-d\/dia-internacional-del-diseno-2025-optimismo-extraordinario\/","og_locale":"es_ES","og_type":"article","og_title":"D\u00eda Internacional del Dise\u00f1o 2025: Optimismo Extraordinario - BICeB\u00e9 Blog","og_description":"Por: ico-D El tema del IDD2025, Optimismo Extraordinario, trata de romper mitos y rechazar las narrativas pesimistas y catastrofistas. Este a\u00f1o, el tema est\u00e1 siendo desarrollado por nuestro miembro anfitri\u00f3n, la Asociaci\u00f3n de Dise\u00f1adores Gr\u00e1ficos de Polonia (STGU), con un cartel dise\u00f1ado por la dise\u00f1adora gr\u00e1fica, ilustradora y directora de arte ucraniana Olena Tverdokhlib, a &hellip; Sigue leyendo D\u00eda Internacional del Dise\u00f1o 2025: Optimismo Extraordinario","og_url":"https:\/\/www.bicebebolivia.com\/blog\/ico-d\/dia-internacional-del-diseno-2025-optimismo-extraordinario\/","og_site_name":"BICeB\u00e9 Blog","article_publisher":"https:\/\/www.facebook.com\/BICeBe","article_published_time":"2025-04-01T19:42:44+00:00","article_modified_time":"2025-04-01T19:47:44+00:00","og_image":[{"width":1536,"height":807,"url":"http:\/\/www.bicebebolivia.com\/blog\/wp-content\/uploads\/2025\/04\/04.25.png","type":"image\/png"}],"author":"Bienal del Cartel Bolivia BICeB\u00e9","twitter_misc":{"Escrito por":"Bienal del Cartel Bolivia BICeB\u00e9","Tiempo de lectura":"6 minutos"},"schema":{"@context":"https:\/\/schema.org","@graph":[{"@type":"Article","@id":"https:\/\/www.bicebebolivia.com\/blog\/ico-d\/dia-internacional-del-diseno-2025-optimismo-extraordinario\/#article","isPartOf":{"@id":"https:\/\/www.bicebebolivia.com\/blog\/ico-d\/dia-internacional-del-diseno-2025-optimismo-extraordinario\/"},"author":{"name":"Bienal del Cartel Bolivia BICeB\u00e9","@id":"https:\/\/www.bicebebolivia.com\/blog\/#\/schema\/person\/26ad6d9a9ae3f5b7dcc077474d935c36"},"headline":"D\u00eda Internacional del Dise\u00f1o 2025: Optimismo Extraordinario","datePublished":"2025-04-01T19:42:44+00:00","dateModified":"2025-04-01T19:47:44+00:00","mainEntityOfPage":{"@id":"https:\/\/www.bicebebolivia.com\/blog\/ico-d\/dia-internacional-del-diseno-2025-optimismo-extraordinario\/"},"wordCount":1508,"commentCount":0,"image":{"@id":"https:\/\/www.bicebebolivia.com\/blog\/ico-d\/dia-internacional-del-diseno-2025-optimismo-extraordinario\/#primaryimage"},"thumbnailUrl":"https:\/\/www.bicebebolivia.com\/blog\/wp-content\/uploads\/2025\/04\/04.25.png","articleSection":["ico-d","Noticias"],"inLanguage":"es","potentialAction":[{"@type":"CommentAction","name":"Comment","target":["https:\/\/www.bicebebolivia.com\/blog\/ico-d\/dia-internacional-del-diseno-2025-optimismo-extraordinario\/#respond"]}]},{"@type":"WebPage","@id":"https:\/\/www.bicebebolivia.com\/blog\/ico-d\/dia-internacional-del-diseno-2025-optimismo-extraordinario\/","url":"https:\/\/www.bicebebolivia.com\/blog\/ico-d\/dia-internacional-del-diseno-2025-optimismo-extraordinario\/","name":"D\u00eda Internacional del Dise\u00f1o 2025: Optimismo Extraordinario - BICeB\u00e9 Blog","isPartOf":{"@id":"https:\/\/www.bicebebolivia.com\/blog\/#website"},"primaryImageOfPage":{"@id":"https:\/\/www.bicebebolivia.com\/blog\/ico-d\/dia-internacional-del-diseno-2025-optimismo-extraordinario\/#primaryimage"},"image":{"@id":"https:\/\/www.bicebebolivia.com\/blog\/ico-d\/dia-internacional-del-diseno-2025-optimismo-extraordinario\/#primaryimage"},"thumbnailUrl":"https:\/\/www.bicebebolivia.com\/blog\/wp-content\/uploads\/2025\/04\/04.25.png","datePublished":"2025-04-01T19:42:44+00:00","dateModified":"2025-04-01T19:47:44+00:00","author":{"@id":"https:\/\/www.bicebebolivia.com\/blog\/#\/schema\/person\/26ad6d9a9ae3f5b7dcc077474d935c36"},"breadcrumb":{"@id":"https:\/\/www.bicebebolivia.com\/blog\/ico-d\/dia-internacional-del-diseno-2025-optimismo-extraordinario\/#breadcrumb"},"inLanguage":"es","potentialAction":[{"@type":"ReadAction","target":["https:\/\/www.bicebebolivia.com\/blog\/ico-d\/dia-internacional-del-diseno-2025-optimismo-extraordinario\/"]}]},{"@type":"ImageObject","inLanguage":"es","@id":"https:\/\/www.bicebebolivia.com\/blog\/ico-d\/dia-internacional-del-diseno-2025-optimismo-extraordinario\/#primaryimage","url":"https:\/\/www.bicebebolivia.com\/blog\/wp-content\/uploads\/2025\/04\/04.25.png","contentUrl":"https:\/\/www.bicebebolivia.com\/blog\/wp-content\/uploads\/2025\/04\/04.25.png","width":1536,"height":807},{"@type":"BreadcrumbList","@id":"https:\/\/www.bicebebolivia.com\/blog\/ico-d\/dia-internacional-del-diseno-2025-optimismo-extraordinario\/#breadcrumb","itemListElement":[{"@type":"ListItem","position":1,"name":"Portada","item":"https:\/\/www.bicebebolivia.com\/blog\/"},{"@type":"ListItem","position":2,"name":"D\u00eda Internacional del Dise\u00f1o 2025: Optimismo Extraordinario"}]},{"@type":"WebSite","@id":"https:\/\/www.bicebebolivia.com\/blog\/#website","url":"https:\/\/www.bicebebolivia.com\/blog\/","name":"BICeB\u00e9 Blog","description":"Bienal del Cartel Bolivia 2021","potentialAction":[{"@type":"SearchAction","target":{"@type":"EntryPoint","urlTemplate":"https:\/\/www.bicebebolivia.com\/blog\/?s={search_term_string}"},"query-input":{"@type":"PropertyValueSpecification","valueRequired":true,"valueName":"search_term_string"}}],"inLanguage":"es"},{"@type":"Person","@id":"https:\/\/www.bicebebolivia.com\/blog\/#\/schema\/person\/26ad6d9a9ae3f5b7dcc077474d935c36","name":"Bienal del Cartel Bolivia BICeB\u00e9","image":{"@type":"ImageObject","inLanguage":"es","@id":"https:\/\/secure.gravatar.com\/avatar\/7a4b5272639cc73d859204e94c716e9d0dc61543d7f9a64cca5162eb3a30fabb?s=96&d=mm&r=g","url":"https:\/\/secure.gravatar.com\/avatar\/7a4b5272639cc73d859204e94c716e9d0dc61543d7f9a64cca5162eb3a30fabb?s=96&d=mm&r=g","contentUrl":"https:\/\/secure.gravatar.com\/avatar\/7a4b5272639cc73d859204e94c716e9d0dc61543d7f9a64cca5162eb3a30fabb?s=96&d=mm&r=g","caption":"Bienal del Cartel Bolivia BICeB\u00e9"},"url":"https:\/\/www.bicebebolivia.com\/blog\/author\/bicebe_usser\/"}]}},"_links":{"self":[{"href":"https:\/\/www.bicebebolivia.com\/blog\/wp-json\/wp\/v2\/posts\/767","targetHints":{"allow":["GET"]}}],"collection":[{"href":"https:\/\/www.bicebebolivia.com\/blog\/wp-json\/wp\/v2\/posts"}],"about":[{"href":"https:\/\/www.bicebebolivia.com\/blog\/wp-json\/wp\/v2\/types\/post"}],"author":[{"embeddable":true,"href":"https:\/\/www.bicebebolivia.com\/blog\/wp-json\/wp\/v2\/users\/2"}],"replies":[{"embeddable":true,"href":"https:\/\/www.bicebebolivia.com\/blog\/wp-json\/wp\/v2\/comments?post=767"}],"version-history":[{"count":4,"href":"https:\/\/www.bicebebolivia.com\/blog\/wp-json\/wp\/v2\/posts\/767\/revisions"}],"predecessor-version":[{"id":773,"href":"https:\/\/www.bicebebolivia.com\/blog\/wp-json\/wp\/v2\/posts\/767\/revisions\/773"}],"wp:featuredmedia":[{"embeddable":true,"href":"https:\/\/www.bicebebolivia.com\/blog\/wp-json\/wp\/v2\/media\/768"}],"wp:attachment":[{"href":"https:\/\/www.bicebebolivia.com\/blog\/wp-json\/wp\/v2\/media?parent=767"}],"wp:term":[{"taxonomy":"category","embeddable":true,"href":"https:\/\/www.bicebebolivia.com\/blog\/wp-json\/wp\/v2\/categories?post=767"},{"taxonomy":"post_tag","embeddable":true,"href":"https:\/\/www.bicebebolivia.com\/blog\/wp-json\/wp\/v2\/tags?post=767"}],"curies":[{"name":"wp","href":"https:\/\/api.w.org\/{rel}","templated":true}]}}