{"id":775,"date":"2025-05-15T07:46:00","date_gmt":"2025-05-15T11:46:00","guid":{"rendered":"https:\/\/www.bicebebolivia.com\/blog\/?p=775"},"modified":"2025-05-22T19:59:24","modified_gmt":"2025-05-22T23:59:24","slug":"la-bicebe-presenta-a-los-carteles-seleccionados-que-se-formaran-parte-de-la-exhibicion-principal-en-octubre-2025","status":"publish","type":"post","link":"https:\/\/www.bicebebolivia.com\/blog\/sin-categoria\/la-bicebe-presenta-a-los-carteles-seleccionados-que-se-formaran-parte-de-la-exhibicion-principal-en-octubre-2025\/","title":{"rendered":"La BICeB\u00e9 presenta a los carteles seleccionados que se formar\u00e1n parte de la Exhibici\u00f3n Principal en Octubre 2025"},"content":{"rendered":"\n<p>El Comit\u00e9 Organizador anunci\u00f3 la selecci\u00f3n oficial de la Convocatoria Internacional de Carteles de la Bienal de Dise\u00f1o y Cartel Bolivia BICeB\u00e9 2025<br><br>La convocatoria que cerr\u00f3 el pasado 14 de Abril, recibi\u00f3 12.648 carteles de 91 pa\u00edses del  mundo.<br><br><em>Afganist\u00e1n, Alemania, Arabia Saudita, Argentina, Armenia, Australia, Austria, Azerbaiy\u00e1n, Bangladesh, Bielorrusia, B\u00e9lgica, Bolivia, Bosnia y Herzegovina, Brasil, Bulgaria, Canad\u00e1, Cabo Verde, Chile, China, Colombia, Costa Rica, Croacia, Cuba, Chipre, Rep\u00fablica Checa, Dinamarca, Ecuador, Egipto, El Salvador, Guatemala, Guinea Ecuatorial, Granada, Estonia, Finlandia, Francia, Georgia, Alemania, Hait\u00ed, Honduras, Hong Kong, Hungr\u00eda, India, Indonesia, Ir\u00e1n, Irak, Italia, Islandia, Jamaica, Jap\u00f3n, Kirguist\u00e1n, Letonia, Libia, Macao, Malasia, M\u00e9xico, Moldavia, Mongolia, Pa\u00edses Bajos, Nicaragua, Nueva Zelanda, Macedonia, Pakist\u00e1n, Panam\u00e1, Paraguay, Per\u00fa, Polonia, Portugal, Rep\u00fablica Dominicana, Rumania, Rusia, Serbia, Singapur, Eslovaquia, Eslovenia, Sud\u00e1frica, Espa\u00f1a, Suecia, Suiza, Surinam, Taiw\u00e1n, Tailandia, Trinidad y Tobago, Las Bahamas, Turqu\u00eda, Ucrania, Reino Unido, Estados Unidos, Uruguay, Uzbekist\u00e1n, Venezuela, Vietnam.<\/em><\/p>\n\n\n\n<p>Los participantes enviaron sus trabajos en 6 categor\u00edas: <strong>Categor\u00eda A. Cartel Cultural, Categoria B Cartel Social, Categor\u00eda C Cartel Publicitario, Categor\u00eda D Cartel in\u00e9dito <\/strong>con la tem\u00e1tica \u00abLa segunda vida de los objetos\u00bb, <strong>Categor\u00eda E Cartel Dise\u00f1o en Movimiento y la Categor\u00eda F Cartel In\u00e9dito Estudiantes <\/strong>con la tem\u00e1tica \u00abDesacelera para avanzar\u00bb.<br><br>La muestra ser\u00e1 inaugurada en La Paz, Museo Nacional de Arte y en Cochabamba en el Palacio Portales este octubre durante las actividades de la BICeB\u00e9.<br><br>EL CARTEL SOCIAL<\/p>\n\n\n\n<figure class=\"wp-block-image size-large\"><a href=\"https:\/\/www.bicebebolivia.com\/blog\/wp-content\/uploads\/2025\/05\/04.25_b.png\"><img loading=\"lazy\" decoding=\"async\" width=\"1024\" height=\"470\" src=\"https:\/\/www.bicebebolivia.com\/blog\/wp-content\/uploads\/2025\/05\/04.25_b-1024x470.png\" alt=\"\" class=\"wp-image-778\" srcset=\"https:\/\/www.bicebebolivia.com\/blog\/wp-content\/uploads\/2025\/05\/04.25_b-1024x470.png 1024w, https:\/\/www.bicebebolivia.com\/blog\/wp-content\/uploads\/2025\/05\/04.25_b-300x138.png 300w, https:\/\/www.bicebebolivia.com\/blog\/wp-content\/uploads\/2025\/05\/04.25_b-768x353.png 768w, https:\/\/www.bicebebolivia.com\/blog\/wp-content\/uploads\/2025\/05\/04.25_b.png 1536w\" sizes=\"auto, (max-width: 1024px) 100vw, 1024px\" \/><\/a><figcaption class=\"wp-element-caption\">Eric Ginard. CUBA | Dugudus. FRANCIA | Ana Gabriela Huiza. BOLIVIA<\/figcaption><\/figure>\n\n\n\n<p>A lo largo de la historia, el cartel social ha sido una herramienta poderosa de comunicaci\u00f3n visual que ha reflejado las luchas, aspiraciones y transformaciones de la humanidad. Desde sus or\u00edgenes, ha trascendido el papel informativo para convertirse en una voz gr\u00e1fica que interpela a las masas, despierta conciencias y moviliza emociones. En momentos clave como las revoluciones, las guerras o los movimientos sociales, el cartel ha condensado mensajes urgentes y simb\u00f3licos en im\u00e1genes directas y memorables, convirti\u00e9ndose en una expresi\u00f3n cultural e ideol\u00f3gica de su tiempo.<\/p>\n\n\n\n<p>Durante el siglo XX, el cartel social se consolid\u00f3 como un veh\u00edculo esencial de protesta y resistencia. En contextos de opresi\u00f3n, dictaduras y crisis humanitarias, muchos dise\u00f1adores y artistas utilizaron esta forma de expresi\u00f3n para denunciar injusticias y defender derechos fundamentales. Movimientos como el Mayo del 68 en Francia, las luchas por los derechos civiles en Estados Unidos o las campa\u00f1as contra el apartheid en Sud\u00e1frica encontraron en el cartel un medio de lucha accesible, multiplicable y capaz de transformar el espacio p\u00fablico en un escenario de confrontaci\u00f3n visual.<\/p>\n\n\n\n<figure class=\"wp-block-pullquote\"><blockquote><p>M\u00e1s all\u00e1 de lo pol\u00edtico, el cartel social ha tenido un papel pedag\u00f3gico y cultural fundamental. Ha contribuido a la educaci\u00f3n p\u00fablica en temas de salud, medio ambiente, igualdad de g\u00e9nero y derechos humanos, entre otros. Su capacidad de s\u00edntesis y su lenguaje visual universal lo convierten en un medio eficaz para comunicar mensajes complejos de manera inmediata y emocional. El cartel social no solo informa, sino que tambi\u00e9n invita a reflexionar, empatizar y actuar.<\/p><\/blockquote><\/figure>\n\n\n\n<figure class=\"wp-block-image size-large\"><a href=\"https:\/\/www.bicebebolivia.com\/blog\/wp-content\/uploads\/2025\/05\/04.25_c.png\"><img loading=\"lazy\" decoding=\"async\" width=\"1024\" height=\"470\" src=\"https:\/\/www.bicebebolivia.com\/blog\/wp-content\/uploads\/2025\/05\/04.25_c-1024x470.png\" alt=\"\" class=\"wp-image-779\" srcset=\"https:\/\/www.bicebebolivia.com\/blog\/wp-content\/uploads\/2025\/05\/04.25_c-1024x470.png 1024w, https:\/\/www.bicebebolivia.com\/blog\/wp-content\/uploads\/2025\/05\/04.25_c-300x138.png 300w, https:\/\/www.bicebebolivia.com\/blog\/wp-content\/uploads\/2025\/05\/04.25_c-768x353.png 768w, https:\/\/www.bicebebolivia.com\/blog\/wp-content\/uploads\/2025\/05\/04.25_c.png 1536w\" sizes=\"auto, (max-width: 1024px) 100vw, 1024px\" \/><\/a><figcaption class=\"wp-element-caption\">Carolina LeQuernec. FRANCIA | Fabi\u00e1n Carreras. ARGENTINA | Wojciech Mazur POLONIA<\/figcaption><\/figure>\n\n\n\n<p>En la actualidad, pese a la irrupci\u00f3n de los medios digitales, el cartel social sigue vigente y se reinventa como una forma h\u00edbrida entre lo anal\u00f3gico y lo digital. Contin\u00faa siendo un testimonio gr\u00e1fico del esp\u00edritu de cada \u00e9poca y un espejo de los desaf\u00edos contempor\u00e1neos. Ya sea en una marcha callejera, en una red social o en una galer\u00eda de arte, el cartel social mantiene su fuerza disruptiva y su capacidad de conmover, record\u00e1ndonos que el dise\u00f1o tambi\u00e9n puede ser una forma de compromiso y transformaci\u00f3n social.<br><br>&#8212;&#8212;&#8212;&#8212;&#8212;&#8212;&#8212;&#8212;-<\/p>\n\n\n\n<p><\/p>\n\n\n\n<h2 class=\"wp-block-heading\">BICeB\u00e9 presents the selected posters that will be part of the Main Exhibition in October 2025<\/h2>\n\n\n\n<p><strong>The Organizing Committee has announced the official selection of the International Poster Call of the Bolivia Design and Poster Biennial BICeB\u00e9 2025.<\/strong><\/p>\n\n\n\n<p>The call, which closed on April 14, received 12,648 posters from 91 countries around the world.<\/p>\n\n\n\n<p><em>Afghanistan, Germany, Saudi Arabia, Argentina, Armenia, Australia, Austria, Azerbaijan, Bangladesh, Belarus, Belgium, Bolivia, Bosnia and Herzegovina, Brazil, Bulgaria, Canada, Cape Verde, Chile, China, Colombia, Costa Rica, Croatia, Cuba, Cyprus, Czech Republic, Denmark, Ecuador, Egypt, El Salvador, Guatemala, Equatorial Guinea, Grenada, Estonia, Finland, France, Georgia, Germany, Haiti, Honduras, Hong Kong, Hungary, India, Indonesia, Iran, Iraq, Italy, Iceland, Jamaica, Japan, Kyrgyzstan, Latvia, Libya, Macao, Malaysia, Mexico, Moldova, Mongolia, Netherlands, Nicaragua, New Zealand, North Macedonia, Pakistan, Panama, Paraguay, Peru, Poland, Portugal, Dominican Republic, Romania, Russia, Serbia, Singapore, Slovakia, Slovenia, South Africa, Spain, Sweden, Switzerland, Suriname, Taiwan, Thailand, Trinidad and Tobago, The Bahamas, Turkey, Ukraine, United Kingdom, United States, Uruguay, Uzbekistan, Venezuela, Vietnam.<\/em><\/p>\n\n\n\n<p>Participants submitted their work in six categories:<br><strong>Category A: Cultural Poster, Category B: Social Poster, Category C: Advertising Poster, Category D: Unpublished Poster<\/strong> on the theme <em>\u201cThe Second Life of Objects,\u201d<\/em><br><strong>Category E: Motion Design Poster<\/strong>, and <strong>Category F: Unpublished Student Poster<\/strong> on the theme <em>\u201cSlow Down to Move Forward.\u201d<\/em><\/p>\n\n\n\n<p>The exhibition will be inaugurated in La Paz at the National Museum of Art and in Cochabamba at the Palacio Portales this October, as part of the official activities of BICeB\u00e9.<\/p>\n\n\n\n<p>SOCIAL POSTER<\/p>\n\n\n\n<figure class=\"wp-block-image size-large\"><a href=\"https:\/\/www.bicebebolivia.com\/blog\/wp-content\/uploads\/2025\/05\/04.25_d.png\"><img loading=\"lazy\" decoding=\"async\" width=\"1024\" height=\"470\" src=\"https:\/\/www.bicebebolivia.com\/blog\/wp-content\/uploads\/2025\/05\/04.25_d-1024x470.png\" alt=\"\" class=\"wp-image-783\" srcset=\"https:\/\/www.bicebebolivia.com\/blog\/wp-content\/uploads\/2025\/05\/04.25_d-1024x470.png 1024w, https:\/\/www.bicebebolivia.com\/blog\/wp-content\/uploads\/2025\/05\/04.25_d-300x138.png 300w, https:\/\/www.bicebebolivia.com\/blog\/wp-content\/uploads\/2025\/05\/04.25_d-768x353.png 768w, https:\/\/www.bicebebolivia.com\/blog\/wp-content\/uploads\/2025\/05\/04.25_d.png 1536w\" sizes=\"auto, (max-width: 1024px) 100vw, 1024px\" \/><\/a><figcaption class=\"wp-element-caption\">Bartoz Mamak. POLAND| Hyungjoo A Kim. CHINA | Jean Benoit-Levy. UNITED STATES<\/figcaption><\/figure>\n\n\n\n<p>Throughout history, the social poster has been a powerful tool of visual communication, reflecting the struggles, aspirations, and transformations of humanity. From its origins, it has transcended its informative function to become a graphic voice that addresses the masses, awakens consciousness, and stirs emotions. In key moments such as revolutions, wars, or social movements, the poster has condensed urgent and symbolic messages into direct and memorable images, becoming a cultural and ideological expression of its time.<\/p>\n\n\n\n<p>During the 20th century, the social poster established itself as an essential vehicle of protest and resistance. In contexts of oppression, dictatorships, and humanitarian crises, many designers and artists used this form of expression to denounce injustices and defend fundamental rights. Movements such as May &#8217;68 in France, the civil rights struggles in the United States, or the anti-apartheid campaigns in South Africa found in the poster an accessible, reproducible medium capable of transforming public space into a stage for visual confrontation.<\/p>\n\n\n\n<blockquote class=\"wp-block-quote is-layout-flow wp-block-quote-is-layout-flow\">\n<p>Beyond the political realm, the social poster has played a fundamental educational and cultural role. It has contributed to public education on issues such as health, the environment, gender equality, and human rights. Its capacity for synthesis and its universal visual language make it an effective medium for communicating complex messages in an immediate and emotional way. The social poster not only informs but also invites reflection, empathy, and action.<\/p>\n<\/blockquote>\n\n\n\n<figure class=\"wp-block-image size-large\"><a href=\"https:\/\/www.bicebebolivia.com\/blog\/wp-content\/uploads\/2025\/05\/04.25_e.png\"><img loading=\"lazy\" decoding=\"async\" width=\"1024\" height=\"470\" src=\"https:\/\/www.bicebebolivia.com\/blog\/wp-content\/uploads\/2025\/05\/04.25_e-1024x470.png\" alt=\"\" class=\"wp-image-784\" srcset=\"https:\/\/www.bicebebolivia.com\/blog\/wp-content\/uploads\/2025\/05\/04.25_e-1024x470.png 1024w, https:\/\/www.bicebebolivia.com\/blog\/wp-content\/uploads\/2025\/05\/04.25_e-300x138.png 300w, https:\/\/www.bicebebolivia.com\/blog\/wp-content\/uploads\/2025\/05\/04.25_e-768x353.png 768w, https:\/\/www.bicebebolivia.com\/blog\/wp-content\/uploads\/2025\/05\/04.25_e.png 1536w\" sizes=\"auto, (max-width: 1024px) 100vw, 1024px\" \/><\/a><figcaption class=\"wp-element-caption\">Zhengbo Jia. CHINA | Sofya Zakharova. RUSSIA | Juli\u00f1an Naranjo CHILE<\/figcaption><\/figure>\n\n\n\n<p>Today, despite the rise of digital media, the social poster remains relevant and reinvents itself as a hybrid form between analog and digital. It continues to serve as a graphic testimony of the spirit of each era and a mirror of contemporary challenges. Whether at a street protest, on social media, or in an art gallery, the social poster retains its disruptive power and its ability to move us, reminding us that design can also be a form of commitment and social transformation.<\/p>\n\n\n\n<p>CONOCE A LOS SELECCIONADOS | MEET THE SHORLISTED  <a href=\"https:\/\/www.bicebebolivia.com\/cartel-selected-2025?field_categoria_value=a\">aqu\u00ed | here<\/a><br>#bicebe2025 #bicebeepicentrocreativo #vivalabicebe<br><br><\/p>\n\n\n\n<p><\/p>\n","protected":false},"excerpt":{"rendered":"<p>El Comit\u00e9 Organizador anunci\u00f3 la selecci\u00f3n oficial de la Convocatoria Internacional de Carteles de la Bienal de Dise\u00f1o y Cartel Bolivia BICeB\u00e9 2025 La convocatoria que cerr\u00f3 el pasado 14 de Abril, recibi\u00f3 12.648 carteles de 91 pa\u00edses del mundo. Afganist\u00e1n, Alemania, Arabia Saudita, Argentina, Armenia, Australia, Austria, Azerbaiy\u00e1n, Bangladesh, Bielorrusia, B\u00e9lgica, Bolivia, Bosnia y &hellip; <a href=\"https:\/\/www.bicebebolivia.com\/blog\/sin-categoria\/la-bicebe-presenta-a-los-carteles-seleccionados-que-se-formaran-parte-de-la-exhibicion-principal-en-octubre-2025\/\" class=\"more-link\">Sigue leyendo <span class=\"screen-reader-text\">La BICeB\u00e9 presenta a los carteles seleccionados que se formar\u00e1n parte de la Exhibici\u00f3n Principal en Octubre 2025<\/span><\/a><\/p>\n","protected":false},"author":2,"featured_media":776,"comment_status":"open","ping_status":"open","sticky":false,"template":"","format":"standard","meta":{"footnotes":""},"categories":[3,4,1],"tags":[74],"class_list":["post-775","post","type-post","status-publish","format-standard","has-post-thumbnail","hentry","category-convocatoria-internacional","category-exhibiciones","category-sin-categoria","tag-bicebe-2025"],"yoast_head":"<!-- This site is optimized with the Yoast SEO plugin v27.4 - https:\/\/yoast.com\/product\/yoast-seo-wordpress\/ -->\n<title>La BICeB\u00e9 presenta a los carteles seleccionados que se formar\u00e1n parte de la Exhibici\u00f3n Principal en Octubre 2025 - BICeB\u00e9 Blog<\/title>\n<meta name=\"robots\" content=\"index, follow, max-snippet:-1, max-image-preview:large, max-video-preview:-1\" \/>\n<link rel=\"canonical\" href=\"https:\/\/www.bicebebolivia.com\/blog\/sin-categoria\/la-bicebe-presenta-a-los-carteles-seleccionados-que-se-formaran-parte-de-la-exhibicion-principal-en-octubre-2025\/\" \/>\n<meta property=\"og:locale\" content=\"es_ES\" \/>\n<meta property=\"og:type\" content=\"article\" \/>\n<meta property=\"og:title\" content=\"La BICeB\u00e9 presenta a los carteles seleccionados que se formar\u00e1n parte de la Exhibici\u00f3n Principal en Octubre 2025 - BICeB\u00e9 Blog\" \/>\n<meta property=\"og:description\" content=\"El Comit\u00e9 Organizador anunci\u00f3 la selecci\u00f3n oficial de la Convocatoria Internacional de Carteles de la Bienal de Dise\u00f1o y Cartel Bolivia BICeB\u00e9 2025 La convocatoria que cerr\u00f3 el pasado 14 de Abril, recibi\u00f3 12.648 carteles de 91 pa\u00edses del mundo. Afganist\u00e1n, Alemania, Arabia Saudita, Argentina, Armenia, Australia, Austria, Azerbaiy\u00e1n, Bangladesh, Bielorrusia, B\u00e9lgica, Bolivia, Bosnia y &hellip; Sigue leyendo La BICeB\u00e9 presenta a los carteles seleccionados que se formar\u00e1n parte de la Exhibici\u00f3n Principal en Octubre 2025\" \/>\n<meta property=\"og:url\" content=\"https:\/\/www.bicebebolivia.com\/blog\/sin-categoria\/la-bicebe-presenta-a-los-carteles-seleccionados-que-se-formaran-parte-de-la-exhibicion-principal-en-octubre-2025\/\" \/>\n<meta property=\"og:site_name\" content=\"BICeB\u00e9 Blog\" \/>\n<meta property=\"article:publisher\" content=\"https:\/\/www.facebook.com\/BICeBe\" \/>\n<meta property=\"article:published_time\" content=\"2025-05-15T11:46:00+00:00\" \/>\n<meta property=\"article:modified_time\" content=\"2025-05-22T23:59:24+00:00\" \/>\n<meta property=\"og:image\" content=\"http:\/\/www.bicebebolivia.com\/blog\/wp-content\/uploads\/2025\/05\/04.25-1024x538.png\" \/>\n\t<meta property=\"og:image:width\" content=\"1024\" \/>\n\t<meta property=\"og:image:height\" content=\"538\" \/>\n\t<meta property=\"og:image:type\" content=\"image\/png\" \/>\n<meta name=\"author\" content=\"Bienal del Cartel Bolivia BICeB\u00e9\" \/>\n<meta name=\"twitter:label1\" content=\"Escrito por\" \/>\n\t<meta name=\"twitter:data1\" content=\"Bienal del Cartel Bolivia BICeB\u00e9\" \/>\n\t<meta name=\"twitter:label2\" content=\"Tiempo de lectura\" \/>\n\t<meta name=\"twitter:data2\" content=\"6 minutos\" \/>\n<script type=\"application\/ld+json\" class=\"yoast-schema-graph\">{\"@context\":\"https:\\\/\\\/schema.org\",\"@graph\":[{\"@type\":\"Article\",\"@id\":\"https:\\\/\\\/www.bicebebolivia.com\\\/blog\\\/sin-categoria\\\/la-bicebe-presenta-a-los-carteles-seleccionados-que-se-formaran-parte-de-la-exhibicion-principal-en-octubre-2025\\\/#article\",\"isPartOf\":{\"@id\":\"https:\\\/\\\/www.bicebebolivia.com\\\/blog\\\/sin-categoria\\\/la-bicebe-presenta-a-los-carteles-seleccionados-que-se-formaran-parte-de-la-exhibicion-principal-en-octubre-2025\\\/\"},\"author\":{\"name\":\"Bienal del Cartel Bolivia BICeB\u00e9\",\"@id\":\"https:\\\/\\\/www.bicebebolivia.com\\\/blog\\\/#\\\/schema\\\/person\\\/26ad6d9a9ae3f5b7dcc077474d935c36\"},\"headline\":\"La BICeB\u00e9 presenta a los carteles seleccionados que se formar\u00e1n parte de la Exhibici\u00f3n Principal en Octubre 2025\",\"datePublished\":\"2025-05-15T11:46:00+00:00\",\"dateModified\":\"2025-05-22T23:59:24+00:00\",\"mainEntityOfPage\":{\"@id\":\"https:\\\/\\\/www.bicebebolivia.com\\\/blog\\\/sin-categoria\\\/la-bicebe-presenta-a-los-carteles-seleccionados-que-se-formaran-parte-de-la-exhibicion-principal-en-octubre-2025\\\/\"},\"wordCount\":1254,\"commentCount\":0,\"image\":{\"@id\":\"https:\\\/\\\/www.bicebebolivia.com\\\/blog\\\/sin-categoria\\\/la-bicebe-presenta-a-los-carteles-seleccionados-que-se-formaran-parte-de-la-exhibicion-principal-en-octubre-2025\\\/#primaryimage\"},\"thumbnailUrl\":\"https:\\\/\\\/www.bicebebolivia.com\\\/blog\\\/wp-content\\\/uploads\\\/2025\\\/05\\\/04.25.png\",\"keywords\":[\"BICeB\u00e9 2025\"],\"articleSection\":[\"Convocatoria Internacional\",\"Exhibiciones\",\"Noticias\"],\"inLanguage\":\"es\",\"potentialAction\":[{\"@type\":\"CommentAction\",\"name\":\"Comment\",\"target\":[\"https:\\\/\\\/www.bicebebolivia.com\\\/blog\\\/sin-categoria\\\/la-bicebe-presenta-a-los-carteles-seleccionados-que-se-formaran-parte-de-la-exhibicion-principal-en-octubre-2025\\\/#respond\"]}]},{\"@type\":\"WebPage\",\"@id\":\"https:\\\/\\\/www.bicebebolivia.com\\\/blog\\\/sin-categoria\\\/la-bicebe-presenta-a-los-carteles-seleccionados-que-se-formaran-parte-de-la-exhibicion-principal-en-octubre-2025\\\/\",\"url\":\"https:\\\/\\\/www.bicebebolivia.com\\\/blog\\\/sin-categoria\\\/la-bicebe-presenta-a-los-carteles-seleccionados-que-se-formaran-parte-de-la-exhibicion-principal-en-octubre-2025\\\/\",\"name\":\"La BICeB\u00e9 presenta a los carteles seleccionados que se formar\u00e1n parte de la Exhibici\u00f3n Principal en Octubre 2025 - BICeB\u00e9 Blog\",\"isPartOf\":{\"@id\":\"https:\\\/\\\/www.bicebebolivia.com\\\/blog\\\/#website\"},\"primaryImageOfPage\":{\"@id\":\"https:\\\/\\\/www.bicebebolivia.com\\\/blog\\\/sin-categoria\\\/la-bicebe-presenta-a-los-carteles-seleccionados-que-se-formaran-parte-de-la-exhibicion-principal-en-octubre-2025\\\/#primaryimage\"},\"image\":{\"@id\":\"https:\\\/\\\/www.bicebebolivia.com\\\/blog\\\/sin-categoria\\\/la-bicebe-presenta-a-los-carteles-seleccionados-que-se-formaran-parte-de-la-exhibicion-principal-en-octubre-2025\\\/#primaryimage\"},\"thumbnailUrl\":\"https:\\\/\\\/www.bicebebolivia.com\\\/blog\\\/wp-content\\\/uploads\\\/2025\\\/05\\\/04.25.png\",\"datePublished\":\"2025-05-15T11:46:00+00:00\",\"dateModified\":\"2025-05-22T23:59:24+00:00\",\"author\":{\"@id\":\"https:\\\/\\\/www.bicebebolivia.com\\\/blog\\\/#\\\/schema\\\/person\\\/26ad6d9a9ae3f5b7dcc077474d935c36\"},\"breadcrumb\":{\"@id\":\"https:\\\/\\\/www.bicebebolivia.com\\\/blog\\\/sin-categoria\\\/la-bicebe-presenta-a-los-carteles-seleccionados-que-se-formaran-parte-de-la-exhibicion-principal-en-octubre-2025\\\/#breadcrumb\"},\"inLanguage\":\"es\",\"potentialAction\":[{\"@type\":\"ReadAction\",\"target\":[\"https:\\\/\\\/www.bicebebolivia.com\\\/blog\\\/sin-categoria\\\/la-bicebe-presenta-a-los-carteles-seleccionados-que-se-formaran-parte-de-la-exhibicion-principal-en-octubre-2025\\\/\"]}]},{\"@type\":\"ImageObject\",\"inLanguage\":\"es\",\"@id\":\"https:\\\/\\\/www.bicebebolivia.com\\\/blog\\\/sin-categoria\\\/la-bicebe-presenta-a-los-carteles-seleccionados-que-se-formaran-parte-de-la-exhibicion-principal-en-octubre-2025\\\/#primaryimage\",\"url\":\"https:\\\/\\\/www.bicebebolivia.com\\\/blog\\\/wp-content\\\/uploads\\\/2025\\\/05\\\/04.25.png\",\"contentUrl\":\"https:\\\/\\\/www.bicebebolivia.com\\\/blog\\\/wp-content\\\/uploads\\\/2025\\\/05\\\/04.25.png\",\"width\":1536,\"height\":807},{\"@type\":\"BreadcrumbList\",\"@id\":\"https:\\\/\\\/www.bicebebolivia.com\\\/blog\\\/sin-categoria\\\/la-bicebe-presenta-a-los-carteles-seleccionados-que-se-formaran-parte-de-la-exhibicion-principal-en-octubre-2025\\\/#breadcrumb\",\"itemListElement\":[{\"@type\":\"ListItem\",\"position\":1,\"name\":\"Portada\",\"item\":\"https:\\\/\\\/www.bicebebolivia.com\\\/blog\\\/\"},{\"@type\":\"ListItem\",\"position\":2,\"name\":\"La BICeB\u00e9 presenta a los carteles seleccionados que se formar\u00e1n parte de la Exhibici\u00f3n Principal en Octubre 2025\"}]},{\"@type\":\"WebSite\",\"@id\":\"https:\\\/\\\/www.bicebebolivia.com\\\/blog\\\/#website\",\"url\":\"https:\\\/\\\/www.bicebebolivia.com\\\/blog\\\/\",\"name\":\"BICeB\u00e9 Blog\",\"description\":\"Bienal del Cartel Bolivia 2021\",\"potentialAction\":[{\"@type\":\"SearchAction\",\"target\":{\"@type\":\"EntryPoint\",\"urlTemplate\":\"https:\\\/\\\/www.bicebebolivia.com\\\/blog\\\/?s={search_term_string}\"},\"query-input\":{\"@type\":\"PropertyValueSpecification\",\"valueRequired\":true,\"valueName\":\"search_term_string\"}}],\"inLanguage\":\"es\"},{\"@type\":\"Person\",\"@id\":\"https:\\\/\\\/www.bicebebolivia.com\\\/blog\\\/#\\\/schema\\\/person\\\/26ad6d9a9ae3f5b7dcc077474d935c36\",\"name\":\"Bienal del Cartel Bolivia BICeB\u00e9\",\"image\":{\"@type\":\"ImageObject\",\"inLanguage\":\"es\",\"@id\":\"https:\\\/\\\/secure.gravatar.com\\\/avatar\\\/7a4b5272639cc73d859204e94c716e9d0dc61543d7f9a64cca5162eb3a30fabb?s=96&d=mm&r=g\",\"url\":\"https:\\\/\\\/secure.gravatar.com\\\/avatar\\\/7a4b5272639cc73d859204e94c716e9d0dc61543d7f9a64cca5162eb3a30fabb?s=96&d=mm&r=g\",\"contentUrl\":\"https:\\\/\\\/secure.gravatar.com\\\/avatar\\\/7a4b5272639cc73d859204e94c716e9d0dc61543d7f9a64cca5162eb3a30fabb?s=96&d=mm&r=g\",\"caption\":\"Bienal del Cartel Bolivia BICeB\u00e9\"},\"url\":\"https:\\\/\\\/www.bicebebolivia.com\\\/blog\\\/author\\\/bicebe_usser\\\/\"}]}<\/script>\n<!-- \/ Yoast SEO plugin. -->","yoast_head_json":{"title":"La BICeB\u00e9 presenta a los carteles seleccionados que se formar\u00e1n parte de la Exhibici\u00f3n Principal en Octubre 2025 - BICeB\u00e9 Blog","robots":{"index":"index","follow":"follow","max-snippet":"max-snippet:-1","max-image-preview":"max-image-preview:large","max-video-preview":"max-video-preview:-1"},"canonical":"https:\/\/www.bicebebolivia.com\/blog\/sin-categoria\/la-bicebe-presenta-a-los-carteles-seleccionados-que-se-formaran-parte-de-la-exhibicion-principal-en-octubre-2025\/","og_locale":"es_ES","og_type":"article","og_title":"La BICeB\u00e9 presenta a los carteles seleccionados que se formar\u00e1n parte de la Exhibici\u00f3n Principal en Octubre 2025 - BICeB\u00e9 Blog","og_description":"El Comit\u00e9 Organizador anunci\u00f3 la selecci\u00f3n oficial de la Convocatoria Internacional de Carteles de la Bienal de Dise\u00f1o y Cartel Bolivia BICeB\u00e9 2025 La convocatoria que cerr\u00f3 el pasado 14 de Abril, recibi\u00f3 12.648 carteles de 91 pa\u00edses del mundo. Afganist\u00e1n, Alemania, Arabia Saudita, Argentina, Armenia, Australia, Austria, Azerbaiy\u00e1n, Bangladesh, Bielorrusia, B\u00e9lgica, Bolivia, Bosnia y &hellip; Sigue leyendo La BICeB\u00e9 presenta a los carteles seleccionados que se formar\u00e1n parte de la Exhibici\u00f3n Principal en Octubre 2025","og_url":"https:\/\/www.bicebebolivia.com\/blog\/sin-categoria\/la-bicebe-presenta-a-los-carteles-seleccionados-que-se-formaran-parte-de-la-exhibicion-principal-en-octubre-2025\/","og_site_name":"BICeB\u00e9 Blog","article_publisher":"https:\/\/www.facebook.com\/BICeBe","article_published_time":"2025-05-15T11:46:00+00:00","article_modified_time":"2025-05-22T23:59:24+00:00","og_image":[{"width":1024,"height":538,"url":"http:\/\/www.bicebebolivia.com\/blog\/wp-content\/uploads\/2025\/05\/04.25-1024x538.png","type":"image\/png"}],"author":"Bienal del Cartel Bolivia BICeB\u00e9","twitter_misc":{"Escrito por":"Bienal del Cartel Bolivia BICeB\u00e9","Tiempo de lectura":"6 minutos"},"schema":{"@context":"https:\/\/schema.org","@graph":[{"@type":"Article","@id":"https:\/\/www.bicebebolivia.com\/blog\/sin-categoria\/la-bicebe-presenta-a-los-carteles-seleccionados-que-se-formaran-parte-de-la-exhibicion-principal-en-octubre-2025\/#article","isPartOf":{"@id":"https:\/\/www.bicebebolivia.com\/blog\/sin-categoria\/la-bicebe-presenta-a-los-carteles-seleccionados-que-se-formaran-parte-de-la-exhibicion-principal-en-octubre-2025\/"},"author":{"name":"Bienal del Cartel Bolivia BICeB\u00e9","@id":"https:\/\/www.bicebebolivia.com\/blog\/#\/schema\/person\/26ad6d9a9ae3f5b7dcc077474d935c36"},"headline":"La BICeB\u00e9 presenta a los carteles seleccionados que se formar\u00e1n parte de la Exhibici\u00f3n Principal en Octubre 2025","datePublished":"2025-05-15T11:46:00+00:00","dateModified":"2025-05-22T23:59:24+00:00","mainEntityOfPage":{"@id":"https:\/\/www.bicebebolivia.com\/blog\/sin-categoria\/la-bicebe-presenta-a-los-carteles-seleccionados-que-se-formaran-parte-de-la-exhibicion-principal-en-octubre-2025\/"},"wordCount":1254,"commentCount":0,"image":{"@id":"https:\/\/www.bicebebolivia.com\/blog\/sin-categoria\/la-bicebe-presenta-a-los-carteles-seleccionados-que-se-formaran-parte-de-la-exhibicion-principal-en-octubre-2025\/#primaryimage"},"thumbnailUrl":"https:\/\/www.bicebebolivia.com\/blog\/wp-content\/uploads\/2025\/05\/04.25.png","keywords":["BICeB\u00e9 2025"],"articleSection":["Convocatoria Internacional","Exhibiciones","Noticias"],"inLanguage":"es","potentialAction":[{"@type":"CommentAction","name":"Comment","target":["https:\/\/www.bicebebolivia.com\/blog\/sin-categoria\/la-bicebe-presenta-a-los-carteles-seleccionados-que-se-formaran-parte-de-la-exhibicion-principal-en-octubre-2025\/#respond"]}]},{"@type":"WebPage","@id":"https:\/\/www.bicebebolivia.com\/blog\/sin-categoria\/la-bicebe-presenta-a-los-carteles-seleccionados-que-se-formaran-parte-de-la-exhibicion-principal-en-octubre-2025\/","url":"https:\/\/www.bicebebolivia.com\/blog\/sin-categoria\/la-bicebe-presenta-a-los-carteles-seleccionados-que-se-formaran-parte-de-la-exhibicion-principal-en-octubre-2025\/","name":"La BICeB\u00e9 presenta a los carteles seleccionados que se formar\u00e1n parte de la Exhibici\u00f3n Principal en Octubre 2025 - BICeB\u00e9 Blog","isPartOf":{"@id":"https:\/\/www.bicebebolivia.com\/blog\/#website"},"primaryImageOfPage":{"@id":"https:\/\/www.bicebebolivia.com\/blog\/sin-categoria\/la-bicebe-presenta-a-los-carteles-seleccionados-que-se-formaran-parte-de-la-exhibicion-principal-en-octubre-2025\/#primaryimage"},"image":{"@id":"https:\/\/www.bicebebolivia.com\/blog\/sin-categoria\/la-bicebe-presenta-a-los-carteles-seleccionados-que-se-formaran-parte-de-la-exhibicion-principal-en-octubre-2025\/#primaryimage"},"thumbnailUrl":"https:\/\/www.bicebebolivia.com\/blog\/wp-content\/uploads\/2025\/05\/04.25.png","datePublished":"2025-05-15T11:46:00+00:00","dateModified":"2025-05-22T23:59:24+00:00","author":{"@id":"https:\/\/www.bicebebolivia.com\/blog\/#\/schema\/person\/26ad6d9a9ae3f5b7dcc077474d935c36"},"breadcrumb":{"@id":"https:\/\/www.bicebebolivia.com\/blog\/sin-categoria\/la-bicebe-presenta-a-los-carteles-seleccionados-que-se-formaran-parte-de-la-exhibicion-principal-en-octubre-2025\/#breadcrumb"},"inLanguage":"es","potentialAction":[{"@type":"ReadAction","target":["https:\/\/www.bicebebolivia.com\/blog\/sin-categoria\/la-bicebe-presenta-a-los-carteles-seleccionados-que-se-formaran-parte-de-la-exhibicion-principal-en-octubre-2025\/"]}]},{"@type":"ImageObject","inLanguage":"es","@id":"https:\/\/www.bicebebolivia.com\/blog\/sin-categoria\/la-bicebe-presenta-a-los-carteles-seleccionados-que-se-formaran-parte-de-la-exhibicion-principal-en-octubre-2025\/#primaryimage","url":"https:\/\/www.bicebebolivia.com\/blog\/wp-content\/uploads\/2025\/05\/04.25.png","contentUrl":"https:\/\/www.bicebebolivia.com\/blog\/wp-content\/uploads\/2025\/05\/04.25.png","width":1536,"height":807},{"@type":"BreadcrumbList","@id":"https:\/\/www.bicebebolivia.com\/blog\/sin-categoria\/la-bicebe-presenta-a-los-carteles-seleccionados-que-se-formaran-parte-de-la-exhibicion-principal-en-octubre-2025\/#breadcrumb","itemListElement":[{"@type":"ListItem","position":1,"name":"Portada","item":"https:\/\/www.bicebebolivia.com\/blog\/"},{"@type":"ListItem","position":2,"name":"La BICeB\u00e9 presenta a los carteles seleccionados que se formar\u00e1n parte de la Exhibici\u00f3n Principal en Octubre 2025"}]},{"@type":"WebSite","@id":"https:\/\/www.bicebebolivia.com\/blog\/#website","url":"https:\/\/www.bicebebolivia.com\/blog\/","name":"BICeB\u00e9 Blog","description":"Bienal del Cartel Bolivia 2021","potentialAction":[{"@type":"SearchAction","target":{"@type":"EntryPoint","urlTemplate":"https:\/\/www.bicebebolivia.com\/blog\/?s={search_term_string}"},"query-input":{"@type":"PropertyValueSpecification","valueRequired":true,"valueName":"search_term_string"}}],"inLanguage":"es"},{"@type":"Person","@id":"https:\/\/www.bicebebolivia.com\/blog\/#\/schema\/person\/26ad6d9a9ae3f5b7dcc077474d935c36","name":"Bienal del Cartel Bolivia BICeB\u00e9","image":{"@type":"ImageObject","inLanguage":"es","@id":"https:\/\/secure.gravatar.com\/avatar\/7a4b5272639cc73d859204e94c716e9d0dc61543d7f9a64cca5162eb3a30fabb?s=96&d=mm&r=g","url":"https:\/\/secure.gravatar.com\/avatar\/7a4b5272639cc73d859204e94c716e9d0dc61543d7f9a64cca5162eb3a30fabb?s=96&d=mm&r=g","contentUrl":"https:\/\/secure.gravatar.com\/avatar\/7a4b5272639cc73d859204e94c716e9d0dc61543d7f9a64cca5162eb3a30fabb?s=96&d=mm&r=g","caption":"Bienal del Cartel Bolivia BICeB\u00e9"},"url":"https:\/\/www.bicebebolivia.com\/blog\/author\/bicebe_usser\/"}]}},"_links":{"self":[{"href":"https:\/\/www.bicebebolivia.com\/blog\/wp-json\/wp\/v2\/posts\/775","targetHints":{"allow":["GET"]}}],"collection":[{"href":"https:\/\/www.bicebebolivia.com\/blog\/wp-json\/wp\/v2\/posts"}],"about":[{"href":"https:\/\/www.bicebebolivia.com\/blog\/wp-json\/wp\/v2\/types\/post"}],"author":[{"embeddable":true,"href":"https:\/\/www.bicebebolivia.com\/blog\/wp-json\/wp\/v2\/users\/2"}],"replies":[{"embeddable":true,"href":"https:\/\/www.bicebebolivia.com\/blog\/wp-json\/wp\/v2\/comments?post=775"}],"version-history":[{"count":3,"href":"https:\/\/www.bicebebolivia.com\/blog\/wp-json\/wp\/v2\/posts\/775\/revisions"}],"predecessor-version":[{"id":786,"href":"https:\/\/www.bicebebolivia.com\/blog\/wp-json\/wp\/v2\/posts\/775\/revisions\/786"}],"wp:featuredmedia":[{"embeddable":true,"href":"https:\/\/www.bicebebolivia.com\/blog\/wp-json\/wp\/v2\/media\/776"}],"wp:attachment":[{"href":"https:\/\/www.bicebebolivia.com\/blog\/wp-json\/wp\/v2\/media?parent=775"}],"wp:term":[{"taxonomy":"category","embeddable":true,"href":"https:\/\/www.bicebebolivia.com\/blog\/wp-json\/wp\/v2\/categories?post=775"},{"taxonomy":"post_tag","embeddable":true,"href":"https:\/\/www.bicebebolivia.com\/blog\/wp-json\/wp\/v2\/tags?post=775"}],"curies":[{"name":"wp","href":"https:\/\/api.w.org\/{rel}","templated":true}]}}