{"id":787,"date":"2025-05-22T20:33:27","date_gmt":"2025-05-23T00:33:27","guid":{"rendered":"https:\/\/www.bicebebolivia.com\/blog\/?p=787"},"modified":"2025-05-22T20:50:04","modified_gmt":"2025-05-23T00:50:04","slug":"nodo-bicebe-un-hito-en-el-diseno-boliviano","status":"publish","type":"post","link":"https:\/\/www.bicebebolivia.com\/blog\/sin-categoria\/nodo-bicebe-un-hito-en-el-diseno-boliviano\/","title":{"rendered":"NODO BICeB\u00e9, un hito en el dise\u00f1o boliviano"},"content":{"rendered":"\n<figure class=\"wp-block-pullquote\"><blockquote><p>El dise\u00f1o, en todas sus expresiones \u2014gr\u00e1fico, moda y accesorios, industrial o producto y digital\u2014 es un reflejo profundo del alma de una sociedad. No es solo una herramienta est\u00e9tica o funcional; es un lenguaje visual que traduce la historia, los valores, las tensiones y los sue\u00f1os de un pa\u00eds. A trav\u00e9s del dise\u00f1o se construyen narrativas que fortalecen la identidad cultural, se resignifican s\u00edmbolos y se proyecta una visi\u00f3n de futuro. En cada trazo, forma, textura y mensaje se manifiesta la creatividad de un pueblo, su capacidad de imaginar, resolver y comunicar.<\/p><\/blockquote><\/figure>\n\n\n\n<p>El <strong>dise\u00f1o es expresi\u00f3n cultural<\/strong> porque interpreta el entorno y lo transforma con sentido. Es memoria activa y, al mismo tiempo, propuesta de cambio. Pero tambi\u00e9n es <strong>motor econ\u00f3mico<\/strong>: genera valor, impulsa industrias, crea empleos, estimula el turismo, potencia productos y servicios, y posiciona marcas locales en mercados internacionales. En este cruce entre cultura y econom\u00eda, el dise\u00f1o se convierte en un eje estrat\u00e9gico para el desarrollo sostenible de los pa\u00edses.<\/p>\n\n\n\n<p>En este contexto, <strong>NODO BICeB\u00e9<\/strong> se erige como un hito sin precedentes: la <strong>primera exposici\u00f3n nacional dedicada exclusivamente al dise\u00f1o en Bolivia<\/strong>. Es un espacio hist\u00f3rico y necesario que da visibilidad a las m\u00faltiples voces, enfoques y talentos que est\u00e1n construyendo una identidad del dise\u00f1o boliviano contempor\u00e1neo. No se trata solo de mostrar trabajos; se trata de <strong>reconocer el dise\u00f1o como una fuerza transformadora<\/strong>, de consolidar una comunidad creativa activa, y de posicionar a Bolivia en el mapa latinoamericano e internacional del dise\u00f1o con una propuesta propia, s\u00f3lida y coherente.<\/p>\n\n\n\n<p>NODO BICeB\u00e9 es m\u00e1s que una exhibici\u00f3n: es una declaraci\u00f3n de principios. Un punto de encuentro para dise\u00f1adores, emprendedores, estudiantes, instituciones y ciudadanos que creen en el poder del dise\u00f1o como herramienta de desarrollo, como manifestaci\u00f3n cultural y como estrategia de innovaci\u00f3n. En un pa\u00eds tan diverso y creativo como Bolivia, esta plataforma es el impulso necesario para que el dise\u00f1o florezca con identidad, orgullo y proyecci\u00f3n global.<\/p>\n\n\n\n<h2 class=\"wp-block-heading\"><strong>Un dise\u00f1ador que trabaja bajo los conceptos de <strong>identidad cultural, desarrollo social y emprendimiento econ\u00f3mico<\/strong> asume un rol que va mucho m\u00e1s all\u00e1 de la est\u00e9tica o la t\u00e9cnica. Su responsabilidad se multiplica en distintos planos<\/strong><\/h2>\n\n\n\n<h3 class=\"wp-block-heading\"><strong>Responsabilidad Cultural<\/strong><\/h3>\n\n\n\n<ul class=\"wp-block-list\">\n<li><strong>Investigar y comprender el contexto local<\/strong>: Un dise\u00f1ador comprometido debe conocer y respetar los s\u00edmbolos, tradiciones, saberes y cosmovisiones de su entorno cultural.<\/li>\n\n\n\n<li><strong>Representar con autenticidad<\/strong>: Tiene la responsabilidad de evitar la apropiaci\u00f3n superficial y, en cambio, reinterpretar con respeto, sentido y profundidad las expresiones culturales del pa\u00eds.<\/li>\n\n\n\n<li><strong>Fomentar el orgullo identitario<\/strong>: A trav\u00e9s de sus creaciones, puede contribuir a fortalecer la autoestima colectiva, visibilizando lo propio como valioso, contempor\u00e1neo y exportable.<\/li>\n<\/ul>\n\n\n\n<h3 class=\"wp-block-heading\">2. <strong>Responsabilidad Social<\/strong><\/h3>\n\n\n\n<ul class=\"wp-block-list\">\n<li><strong>Dise\u00f1ar con prop\u00f3sito<\/strong>: Sus soluciones deben responder a problem\u00e1ticas reales de la comunidad, proponiendo mejoras en la calidad de vida, la comunicaci\u00f3n o el acceso a recursos.<\/li>\n\n\n\n<li><strong>Ser agente de cambio<\/strong>: El dise\u00f1ador tiene la responsabilidad de activar el pensamiento cr\u00edtico y contribuir a la construcci\u00f3n de una sociedad m\u00e1s equitativa, inclusiva y consciente.<\/li>\n\n\n\n<li><strong>Educar a trav\u00e9s del dise\u00f1o<\/strong>: Su trabajo comunica y forma opini\u00f3n. Debe ser claro, accesible y \u00e9tico, promoviendo valores positivos.<\/li>\n<\/ul>\n\n\n\n<h3 class=\"wp-block-heading\">3. <strong>Responsabilidad Econ\u00f3mica<\/strong><\/h3>\n\n\n\n<ul class=\"wp-block-list\">\n<li><strong>Crear valor sostenible<\/strong>: No solo embellece, sino que potencia productos, servicios y marcas con visi\u00f3n estrat\u00e9gica, contribuyendo a la econom\u00eda local.<\/li>\n\n\n\n<li><strong>Apostar por la innovaci\u00f3n<\/strong>: Debe buscar nuevas formas de producci\u00f3n, materiales o modelos de negocio que impulsen la competitividad sin perder autenticidad.<\/li>\n\n\n\n<li><strong>Colaborar con emprendimientos<\/strong>: Especialmente en contextos emergentes, el dise\u00f1ador tiene un rol clave como aliado de iniciativas que buscan desarrollarse y posicionarse.<\/li>\n<\/ul>\n\n\n\n<h3 class=\"wp-block-heading\">4. <strong>Responsabilidad Profesional y \u00c9tica<\/strong><\/h3>\n\n\n\n<ul class=\"wp-block-list\">\n<li><strong>Rechazar el plagio y la superficialidad<\/strong>: Su pr\u00e1ctica debe basarse en la honestidad intelectual, el respeto por el trabajo ajeno y el compromiso con la calidad.<\/li>\n\n\n\n<li><strong>No depender de la inteligencia artificial para resolver lo que exige autor\u00eda humana<\/strong>: En contextos donde el dise\u00f1o es identidad y expresi\u00f3n, debe defender el oficio y el pensamiento detr\u00e1s del resultado.<\/li>\n\n\n\n<li><strong>Seguir aprendiendo<\/strong>: La cultura, la tecnolog\u00eda y las necesidades cambian constantemente. Un dise\u00f1ador responsable se mantiene en formaci\u00f3n y en di\u00e1logo con su comunidad.<\/li>\n<\/ul>\n\n\n\n<figure class=\"wp-block-image size-large\"><a href=\"https:\/\/www.bicebebolivia.com\/blog\/wp-content\/uploads\/2025\/05\/05.25B.png\"><img loading=\"lazy\" decoding=\"async\" width=\"1024\" height=\"428\" src=\"https:\/\/www.bicebebolivia.com\/blog\/wp-content\/uploads\/2025\/05\/05.25B-1024x428.png\" alt=\"\" class=\"wp-image-790\" srcset=\"https:\/\/www.bicebebolivia.com\/blog\/wp-content\/uploads\/2025\/05\/05.25B-1024x428.png 1024w, https:\/\/www.bicebebolivia.com\/blog\/wp-content\/uploads\/2025\/05\/05.25B-300x125.png 300w, https:\/\/www.bicebebolivia.com\/blog\/wp-content\/uploads\/2025\/05\/05.25B-768x321.png 768w, https:\/\/www.bicebebolivia.com\/blog\/wp-content\/uploads\/2025\/05\/05.25B.png 1536w\" sizes=\"auto, (max-width: 1024px) 100vw, 1024px\" \/><\/a><\/figure>\n\n\n\n<h2 class=\"wp-block-heading\"><strong>DISE\u00d1ADORES SELECCIONADOS E INVITADOS ESPECIALES<\/strong><\/h2>\n\n\n\n<p>El pasado 21 de Mayo se anunciaron a los dise\u00f1adores seleccionados junto a la n\u00f3mina de dise\u00f1adores invitados bajo la curadur\u00eda y coordinaci\u00f3n de Cecilia Bay\u00e1 Botti, los cuales formar\u00e1n parte de esta primera exhibici\u00f3n de NODO. La sede sera la Fundaci\u00f3n Pati\u00f1o en La Paz y ser\u00e1 la primera exhibici\u00f3n en aperturarse durante la agenda de la BICeB\u00e9 2025 en octubre.<br><br><strong>INVITADOS ESPECIALES<\/strong><br><em>Ana Palza, Ericka Su\u00e1rez Weise, Cecilia Mariaca, Cinthya Pati\u00f1o, Claudia Hinojosa, Joaqu\u00edn Sanchez, Juan Bustillos, Juan Carlos Menacho, Kirah Design, Marcelo Calla\u00fa, Maya MacLean, Liliana Castellanos<\/em><br><br><strong>DISE\u00d1O GR\u00c1FICO<\/strong><br><em>Camila Morat\u00f3, Cristiane Michel | CasaCinco, Camila Rojas | Keemis Estudio, Diana Ram\u00edrez, Diego Morales, Elo\u00edsa Paz | A Ediciones, Estefan\u00eda L\u00f3pez | ELE Studio, Gabriela Cordova, Laura Atela | Studio A, Libertad Mu\u00f1oz, Ma. Alejandra Ponce | Inc\u00f3gnita, Marcela Anze | Marcela Anze Design, Martina Terceros | Guayava Estudio, Moira Machicado, Pamela J\u00e1uregui, Rub\u00e9n Salinas, Sergio Pool, Susana Machicao | Machicao Design<\/em><\/p>\n\n\n\n<p><strong>DISE\u00d1O INDUSTRIAL O PRODUCTO<\/strong><br><em>Andrea Beatriz Paredes Caballero | NUDO, Arturo Bedoya, Claudia Gallardo, Javier Dur\u00e1n | Caleidoscopio, Eva Uzquiano | EPRUM, Mar\u00eda Laura Sainz | Bestia Estudio, Michael Hartmann, Tracy Prado | Trinitrotolueno Art, Valeria Villa-G\u00f3mez <\/em><\/p>\n\n\n\n<p><em>DISE\u00d1O DE MODA Y ACCESORIOS<\/em><br><em>Alejandra Vaca | Zoe Joyas, Andreina Quiroga, Claudia Mercado, Claudia Oporto, Claudia P\u00e9rez Ayala, Danea Vacaflor | L\u2019Ancestra, Elizabeth Parra Aliaga | ISI, Emma S\u00e1nchez | KOIki, Erika Torrez_, Giovana Gutierrez |\u00a0 D\u2019Addario SRL , Isabel \u00c1lvarez_ | Folk de los Pueblos , Ignacio Perez | Stain, Josue Mendoza | Alonzo de Mendoza, Luis Daniel \u00c1greda, Mar\u00eda Fernanda Sandoval, Mari\u00f3n Macedo, Patricia Terrazas | CHACO (De oro), Vanessa Gonz\u00e1les | Most like you<\/em><\/p>\n\n\n\n<p><strong>DISE\u00d1O DIGITAL | UX<\/strong><br><em>Cristopher Rojas | Cuadrilla estudio, Elizabeth Arostegui<\/em><br><br><\/p>\n\n\n\n<p>#bicebe2025 #bicebelabienaldelbicentenario #nodobicebe2025<\/p>\n","protected":false},"excerpt":{"rendered":"<p>El dise\u00f1o, en todas sus expresiones \u2014gr\u00e1fico, moda y accesorios, industrial o producto y digital\u2014 es un reflejo profundo del alma de una sociedad. No es solo una herramienta est\u00e9tica o funcional; es un lenguaje visual que traduce la historia, los valores, las tensiones y los sue\u00f1os de un pa\u00eds. A trav\u00e9s del dise\u00f1o se &hellip; <a href=\"https:\/\/www.bicebebolivia.com\/blog\/sin-categoria\/nodo-bicebe-un-hito-en-el-diseno-boliviano\/\" class=\"more-link\">Sigue leyendo <span class=\"screen-reader-text\">NODO BICeB\u00e9, un hito en el dise\u00f1o boliviano<\/span><\/a><\/p>\n","protected":false},"author":2,"featured_media":788,"comment_status":"open","ping_status":"open","sticky":false,"template":"","format":"standard","meta":{"footnotes":""},"categories":[4,80,1],"tags":[74,81],"class_list":["post-787","post","type-post","status-publish","format-standard","has-post-thumbnail","hentry","category-exhibiciones","category-nodo-bicebe","category-sin-categoria","tag-bicebe-2025","tag-nodo-bicebe"],"yoast_head":"<!-- This site is optimized with the Yoast SEO plugin v27.4 - https:\/\/yoast.com\/product\/yoast-seo-wordpress\/ -->\n<title>NODO BICeB\u00e9, un hito en el dise\u00f1o boliviano - BICeB\u00e9 Blog<\/title>\n<meta name=\"robots\" content=\"index, follow, max-snippet:-1, max-image-preview:large, max-video-preview:-1\" \/>\n<link rel=\"canonical\" href=\"https:\/\/www.bicebebolivia.com\/blog\/sin-categoria\/nodo-bicebe-un-hito-en-el-diseno-boliviano\/\" \/>\n<meta property=\"og:locale\" content=\"es_ES\" \/>\n<meta property=\"og:type\" content=\"article\" \/>\n<meta property=\"og:title\" content=\"NODO BICeB\u00e9, un hito en el dise\u00f1o boliviano - BICeB\u00e9 Blog\" \/>\n<meta property=\"og:description\" content=\"El dise\u00f1o, en todas sus expresiones \u2014gr\u00e1fico, moda y accesorios, industrial o producto y digital\u2014 es un reflejo profundo del alma de una sociedad. No es solo una herramienta est\u00e9tica o funcional; es un lenguaje visual que traduce la historia, los valores, las tensiones y los sue\u00f1os de un pa\u00eds. A trav\u00e9s del dise\u00f1o se &hellip; Sigue leyendo NODO BICeB\u00e9, un hito en el dise\u00f1o boliviano\" \/>\n<meta property=\"og:url\" content=\"https:\/\/www.bicebebolivia.com\/blog\/sin-categoria\/nodo-bicebe-un-hito-en-el-diseno-boliviano\/\" \/>\n<meta property=\"og:site_name\" content=\"BICeB\u00e9 Blog\" \/>\n<meta property=\"article:publisher\" content=\"https:\/\/www.facebook.com\/BICeBe\" \/>\n<meta property=\"article:published_time\" content=\"2025-05-23T00:33:27+00:00\" \/>\n<meta property=\"article:modified_time\" content=\"2025-05-23T00:50:04+00:00\" \/>\n<meta property=\"og:image\" content=\"http:\/\/www.bicebebolivia.com\/blog\/wp-content\/uploads\/2025\/05\/05.25.png\" \/>\n\t<meta property=\"og:image:width\" content=\"1536\" \/>\n\t<meta property=\"og:image:height\" content=\"807\" \/>\n\t<meta property=\"og:image:type\" content=\"image\/png\" \/>\n<meta name=\"author\" content=\"Bienal del Cartel Bolivia BICeB\u00e9\" \/>\n<meta name=\"twitter:label1\" content=\"Escrito por\" \/>\n\t<meta name=\"twitter:data1\" content=\"Bienal del Cartel Bolivia BICeB\u00e9\" \/>\n\t<meta name=\"twitter:label2\" content=\"Tiempo de lectura\" \/>\n\t<meta name=\"twitter:data2\" content=\"5 minutos\" \/>\n<script type=\"application\/ld+json\" class=\"yoast-schema-graph\">{\"@context\":\"https:\\\/\\\/schema.org\",\"@graph\":[{\"@type\":\"Article\",\"@id\":\"https:\\\/\\\/www.bicebebolivia.com\\\/blog\\\/sin-categoria\\\/nodo-bicebe-un-hito-en-el-diseno-boliviano\\\/#article\",\"isPartOf\":{\"@id\":\"https:\\\/\\\/www.bicebebolivia.com\\\/blog\\\/sin-categoria\\\/nodo-bicebe-un-hito-en-el-diseno-boliviano\\\/\"},\"author\":{\"name\":\"Bienal del Cartel Bolivia BICeB\u00e9\",\"@id\":\"https:\\\/\\\/www.bicebebolivia.com\\\/blog\\\/#\\\/schema\\\/person\\\/26ad6d9a9ae3f5b7dcc077474d935c36\"},\"headline\":\"NODO BICeB\u00e9, un hito en el dise\u00f1o boliviano\",\"datePublished\":\"2025-05-23T00:33:27+00:00\",\"dateModified\":\"2025-05-23T00:50:04+00:00\",\"mainEntityOfPage\":{\"@id\":\"https:\\\/\\\/www.bicebebolivia.com\\\/blog\\\/sin-categoria\\\/nodo-bicebe-un-hito-en-el-diseno-boliviano\\\/\"},\"wordCount\":1041,\"commentCount\":1,\"image\":{\"@id\":\"https:\\\/\\\/www.bicebebolivia.com\\\/blog\\\/sin-categoria\\\/nodo-bicebe-un-hito-en-el-diseno-boliviano\\\/#primaryimage\"},\"thumbnailUrl\":\"https:\\\/\\\/www.bicebebolivia.com\\\/blog\\\/wp-content\\\/uploads\\\/2025\\\/05\\\/05.25.png\",\"keywords\":[\"BICeB\u00e9 2025\",\"Nodo BICeB\u00e9\"],\"articleSection\":[\"Exhibiciones\",\"Nodo BICeB\u00e9\",\"Noticias\"],\"inLanguage\":\"es\",\"potentialAction\":[{\"@type\":\"CommentAction\",\"name\":\"Comment\",\"target\":[\"https:\\\/\\\/www.bicebebolivia.com\\\/blog\\\/sin-categoria\\\/nodo-bicebe-un-hito-en-el-diseno-boliviano\\\/#respond\"]}]},{\"@type\":\"WebPage\",\"@id\":\"https:\\\/\\\/www.bicebebolivia.com\\\/blog\\\/sin-categoria\\\/nodo-bicebe-un-hito-en-el-diseno-boliviano\\\/\",\"url\":\"https:\\\/\\\/www.bicebebolivia.com\\\/blog\\\/sin-categoria\\\/nodo-bicebe-un-hito-en-el-diseno-boliviano\\\/\",\"name\":\"NODO BICeB\u00e9, un hito en el dise\u00f1o boliviano - BICeB\u00e9 Blog\",\"isPartOf\":{\"@id\":\"https:\\\/\\\/www.bicebebolivia.com\\\/blog\\\/#website\"},\"primaryImageOfPage\":{\"@id\":\"https:\\\/\\\/www.bicebebolivia.com\\\/blog\\\/sin-categoria\\\/nodo-bicebe-un-hito-en-el-diseno-boliviano\\\/#primaryimage\"},\"image\":{\"@id\":\"https:\\\/\\\/www.bicebebolivia.com\\\/blog\\\/sin-categoria\\\/nodo-bicebe-un-hito-en-el-diseno-boliviano\\\/#primaryimage\"},\"thumbnailUrl\":\"https:\\\/\\\/www.bicebebolivia.com\\\/blog\\\/wp-content\\\/uploads\\\/2025\\\/05\\\/05.25.png\",\"datePublished\":\"2025-05-23T00:33:27+00:00\",\"dateModified\":\"2025-05-23T00:50:04+00:00\",\"author\":{\"@id\":\"https:\\\/\\\/www.bicebebolivia.com\\\/blog\\\/#\\\/schema\\\/person\\\/26ad6d9a9ae3f5b7dcc077474d935c36\"},\"breadcrumb\":{\"@id\":\"https:\\\/\\\/www.bicebebolivia.com\\\/blog\\\/sin-categoria\\\/nodo-bicebe-un-hito-en-el-diseno-boliviano\\\/#breadcrumb\"},\"inLanguage\":\"es\",\"potentialAction\":[{\"@type\":\"ReadAction\",\"target\":[\"https:\\\/\\\/www.bicebebolivia.com\\\/blog\\\/sin-categoria\\\/nodo-bicebe-un-hito-en-el-diseno-boliviano\\\/\"]}]},{\"@type\":\"ImageObject\",\"inLanguage\":\"es\",\"@id\":\"https:\\\/\\\/www.bicebebolivia.com\\\/blog\\\/sin-categoria\\\/nodo-bicebe-un-hito-en-el-diseno-boliviano\\\/#primaryimage\",\"url\":\"https:\\\/\\\/www.bicebebolivia.com\\\/blog\\\/wp-content\\\/uploads\\\/2025\\\/05\\\/05.25.png\",\"contentUrl\":\"https:\\\/\\\/www.bicebebolivia.com\\\/blog\\\/wp-content\\\/uploads\\\/2025\\\/05\\\/05.25.png\",\"width\":1536,\"height\":807},{\"@type\":\"BreadcrumbList\",\"@id\":\"https:\\\/\\\/www.bicebebolivia.com\\\/blog\\\/sin-categoria\\\/nodo-bicebe-un-hito-en-el-diseno-boliviano\\\/#breadcrumb\",\"itemListElement\":[{\"@type\":\"ListItem\",\"position\":1,\"name\":\"Portada\",\"item\":\"https:\\\/\\\/www.bicebebolivia.com\\\/blog\\\/\"},{\"@type\":\"ListItem\",\"position\":2,\"name\":\"NODO BICeB\u00e9, un hito en el dise\u00f1o boliviano\"}]},{\"@type\":\"WebSite\",\"@id\":\"https:\\\/\\\/www.bicebebolivia.com\\\/blog\\\/#website\",\"url\":\"https:\\\/\\\/www.bicebebolivia.com\\\/blog\\\/\",\"name\":\"BICeB\u00e9 Blog\",\"description\":\"Bienal del Cartel Bolivia 2021\",\"potentialAction\":[{\"@type\":\"SearchAction\",\"target\":{\"@type\":\"EntryPoint\",\"urlTemplate\":\"https:\\\/\\\/www.bicebebolivia.com\\\/blog\\\/?s={search_term_string}\"},\"query-input\":{\"@type\":\"PropertyValueSpecification\",\"valueRequired\":true,\"valueName\":\"search_term_string\"}}],\"inLanguage\":\"es\"},{\"@type\":\"Person\",\"@id\":\"https:\\\/\\\/www.bicebebolivia.com\\\/blog\\\/#\\\/schema\\\/person\\\/26ad6d9a9ae3f5b7dcc077474d935c36\",\"name\":\"Bienal del Cartel Bolivia BICeB\u00e9\",\"image\":{\"@type\":\"ImageObject\",\"inLanguage\":\"es\",\"@id\":\"https:\\\/\\\/secure.gravatar.com\\\/avatar\\\/7a4b5272639cc73d859204e94c716e9d0dc61543d7f9a64cca5162eb3a30fabb?s=96&d=mm&r=g\",\"url\":\"https:\\\/\\\/secure.gravatar.com\\\/avatar\\\/7a4b5272639cc73d859204e94c716e9d0dc61543d7f9a64cca5162eb3a30fabb?s=96&d=mm&r=g\",\"contentUrl\":\"https:\\\/\\\/secure.gravatar.com\\\/avatar\\\/7a4b5272639cc73d859204e94c716e9d0dc61543d7f9a64cca5162eb3a30fabb?s=96&d=mm&r=g\",\"caption\":\"Bienal del Cartel Bolivia BICeB\u00e9\"},\"url\":\"https:\\\/\\\/www.bicebebolivia.com\\\/blog\\\/author\\\/bicebe_usser\\\/\"}]}<\/script>\n<!-- \/ Yoast SEO plugin. -->","yoast_head_json":{"title":"NODO BICeB\u00e9, un hito en el dise\u00f1o boliviano - BICeB\u00e9 Blog","robots":{"index":"index","follow":"follow","max-snippet":"max-snippet:-1","max-image-preview":"max-image-preview:large","max-video-preview":"max-video-preview:-1"},"canonical":"https:\/\/www.bicebebolivia.com\/blog\/sin-categoria\/nodo-bicebe-un-hito-en-el-diseno-boliviano\/","og_locale":"es_ES","og_type":"article","og_title":"NODO BICeB\u00e9, un hito en el dise\u00f1o boliviano - BICeB\u00e9 Blog","og_description":"El dise\u00f1o, en todas sus expresiones \u2014gr\u00e1fico, moda y accesorios, industrial o producto y digital\u2014 es un reflejo profundo del alma de una sociedad. No es solo una herramienta est\u00e9tica o funcional; es un lenguaje visual que traduce la historia, los valores, las tensiones y los sue\u00f1os de un pa\u00eds. A trav\u00e9s del dise\u00f1o se &hellip; Sigue leyendo NODO BICeB\u00e9, un hito en el dise\u00f1o boliviano","og_url":"https:\/\/www.bicebebolivia.com\/blog\/sin-categoria\/nodo-bicebe-un-hito-en-el-diseno-boliviano\/","og_site_name":"BICeB\u00e9 Blog","article_publisher":"https:\/\/www.facebook.com\/BICeBe","article_published_time":"2025-05-23T00:33:27+00:00","article_modified_time":"2025-05-23T00:50:04+00:00","og_image":[{"width":1536,"height":807,"url":"http:\/\/www.bicebebolivia.com\/blog\/wp-content\/uploads\/2025\/05\/05.25.png","type":"image\/png"}],"author":"Bienal del Cartel Bolivia BICeB\u00e9","twitter_misc":{"Escrito por":"Bienal del Cartel Bolivia BICeB\u00e9","Tiempo de lectura":"5 minutos"},"schema":{"@context":"https:\/\/schema.org","@graph":[{"@type":"Article","@id":"https:\/\/www.bicebebolivia.com\/blog\/sin-categoria\/nodo-bicebe-un-hito-en-el-diseno-boliviano\/#article","isPartOf":{"@id":"https:\/\/www.bicebebolivia.com\/blog\/sin-categoria\/nodo-bicebe-un-hito-en-el-diseno-boliviano\/"},"author":{"name":"Bienal del Cartel Bolivia BICeB\u00e9","@id":"https:\/\/www.bicebebolivia.com\/blog\/#\/schema\/person\/26ad6d9a9ae3f5b7dcc077474d935c36"},"headline":"NODO BICeB\u00e9, un hito en el dise\u00f1o boliviano","datePublished":"2025-05-23T00:33:27+00:00","dateModified":"2025-05-23T00:50:04+00:00","mainEntityOfPage":{"@id":"https:\/\/www.bicebebolivia.com\/blog\/sin-categoria\/nodo-bicebe-un-hito-en-el-diseno-boliviano\/"},"wordCount":1041,"commentCount":1,"image":{"@id":"https:\/\/www.bicebebolivia.com\/blog\/sin-categoria\/nodo-bicebe-un-hito-en-el-diseno-boliviano\/#primaryimage"},"thumbnailUrl":"https:\/\/www.bicebebolivia.com\/blog\/wp-content\/uploads\/2025\/05\/05.25.png","keywords":["BICeB\u00e9 2025","Nodo BICeB\u00e9"],"articleSection":["Exhibiciones","Nodo BICeB\u00e9","Noticias"],"inLanguage":"es","potentialAction":[{"@type":"CommentAction","name":"Comment","target":["https:\/\/www.bicebebolivia.com\/blog\/sin-categoria\/nodo-bicebe-un-hito-en-el-diseno-boliviano\/#respond"]}]},{"@type":"WebPage","@id":"https:\/\/www.bicebebolivia.com\/blog\/sin-categoria\/nodo-bicebe-un-hito-en-el-diseno-boliviano\/","url":"https:\/\/www.bicebebolivia.com\/blog\/sin-categoria\/nodo-bicebe-un-hito-en-el-diseno-boliviano\/","name":"NODO BICeB\u00e9, un hito en el dise\u00f1o boliviano - BICeB\u00e9 Blog","isPartOf":{"@id":"https:\/\/www.bicebebolivia.com\/blog\/#website"},"primaryImageOfPage":{"@id":"https:\/\/www.bicebebolivia.com\/blog\/sin-categoria\/nodo-bicebe-un-hito-en-el-diseno-boliviano\/#primaryimage"},"image":{"@id":"https:\/\/www.bicebebolivia.com\/blog\/sin-categoria\/nodo-bicebe-un-hito-en-el-diseno-boliviano\/#primaryimage"},"thumbnailUrl":"https:\/\/www.bicebebolivia.com\/blog\/wp-content\/uploads\/2025\/05\/05.25.png","datePublished":"2025-05-23T00:33:27+00:00","dateModified":"2025-05-23T00:50:04+00:00","author":{"@id":"https:\/\/www.bicebebolivia.com\/blog\/#\/schema\/person\/26ad6d9a9ae3f5b7dcc077474d935c36"},"breadcrumb":{"@id":"https:\/\/www.bicebebolivia.com\/blog\/sin-categoria\/nodo-bicebe-un-hito-en-el-diseno-boliviano\/#breadcrumb"},"inLanguage":"es","potentialAction":[{"@type":"ReadAction","target":["https:\/\/www.bicebebolivia.com\/blog\/sin-categoria\/nodo-bicebe-un-hito-en-el-diseno-boliviano\/"]}]},{"@type":"ImageObject","inLanguage":"es","@id":"https:\/\/www.bicebebolivia.com\/blog\/sin-categoria\/nodo-bicebe-un-hito-en-el-diseno-boliviano\/#primaryimage","url":"https:\/\/www.bicebebolivia.com\/blog\/wp-content\/uploads\/2025\/05\/05.25.png","contentUrl":"https:\/\/www.bicebebolivia.com\/blog\/wp-content\/uploads\/2025\/05\/05.25.png","width":1536,"height":807},{"@type":"BreadcrumbList","@id":"https:\/\/www.bicebebolivia.com\/blog\/sin-categoria\/nodo-bicebe-un-hito-en-el-diseno-boliviano\/#breadcrumb","itemListElement":[{"@type":"ListItem","position":1,"name":"Portada","item":"https:\/\/www.bicebebolivia.com\/blog\/"},{"@type":"ListItem","position":2,"name":"NODO BICeB\u00e9, un hito en el dise\u00f1o boliviano"}]},{"@type":"WebSite","@id":"https:\/\/www.bicebebolivia.com\/blog\/#website","url":"https:\/\/www.bicebebolivia.com\/blog\/","name":"BICeB\u00e9 Blog","description":"Bienal del Cartel Bolivia 2021","potentialAction":[{"@type":"SearchAction","target":{"@type":"EntryPoint","urlTemplate":"https:\/\/www.bicebebolivia.com\/blog\/?s={search_term_string}"},"query-input":{"@type":"PropertyValueSpecification","valueRequired":true,"valueName":"search_term_string"}}],"inLanguage":"es"},{"@type":"Person","@id":"https:\/\/www.bicebebolivia.com\/blog\/#\/schema\/person\/26ad6d9a9ae3f5b7dcc077474d935c36","name":"Bienal del Cartel Bolivia BICeB\u00e9","image":{"@type":"ImageObject","inLanguage":"es","@id":"https:\/\/secure.gravatar.com\/avatar\/7a4b5272639cc73d859204e94c716e9d0dc61543d7f9a64cca5162eb3a30fabb?s=96&d=mm&r=g","url":"https:\/\/secure.gravatar.com\/avatar\/7a4b5272639cc73d859204e94c716e9d0dc61543d7f9a64cca5162eb3a30fabb?s=96&d=mm&r=g","contentUrl":"https:\/\/secure.gravatar.com\/avatar\/7a4b5272639cc73d859204e94c716e9d0dc61543d7f9a64cca5162eb3a30fabb?s=96&d=mm&r=g","caption":"Bienal del Cartel Bolivia BICeB\u00e9"},"url":"https:\/\/www.bicebebolivia.com\/blog\/author\/bicebe_usser\/"}]}},"_links":{"self":[{"href":"https:\/\/www.bicebebolivia.com\/blog\/wp-json\/wp\/v2\/posts\/787","targetHints":{"allow":["GET"]}}],"collection":[{"href":"https:\/\/www.bicebebolivia.com\/blog\/wp-json\/wp\/v2\/posts"}],"about":[{"href":"https:\/\/www.bicebebolivia.com\/blog\/wp-json\/wp\/v2\/types\/post"}],"author":[{"embeddable":true,"href":"https:\/\/www.bicebebolivia.com\/blog\/wp-json\/wp\/v2\/users\/2"}],"replies":[{"embeddable":true,"href":"https:\/\/www.bicebebolivia.com\/blog\/wp-json\/wp\/v2\/comments?post=787"}],"version-history":[{"count":6,"href":"https:\/\/www.bicebebolivia.com\/blog\/wp-json\/wp\/v2\/posts\/787\/revisions"}],"predecessor-version":[{"id":797,"href":"https:\/\/www.bicebebolivia.com\/blog\/wp-json\/wp\/v2\/posts\/787\/revisions\/797"}],"wp:featuredmedia":[{"embeddable":true,"href":"https:\/\/www.bicebebolivia.com\/blog\/wp-json\/wp\/v2\/media\/788"}],"wp:attachment":[{"href":"https:\/\/www.bicebebolivia.com\/blog\/wp-json\/wp\/v2\/media?parent=787"}],"wp:term":[{"taxonomy":"category","embeddable":true,"href":"https:\/\/www.bicebebolivia.com\/blog\/wp-json\/wp\/v2\/categories?post=787"},{"taxonomy":"post_tag","embeddable":true,"href":"https:\/\/www.bicebebolivia.com\/blog\/wp-json\/wp\/v2\/tags?post=787"}],"curies":[{"name":"wp","href":"https:\/\/api.w.org\/{rel}","templated":true}]}}